
{"id":63942,"date":"2017-02-13T17:56:40","date_gmt":"2017-02-13T20:56:40","guid":{"rendered":"http:\/\/www.sudoestehoje.com.br\/novoportal\/?p=63942"},"modified":"2017-02-13T17:56:40","modified_gmt":"2017-02-13T20:56:40","slug":"itapetinga-empresarios-da-construcao-civil-se-reunem-com-presidente-do-legislativo","status":"publish","type":"post","link":"https:\/\/www.sudoestehoje.com.br\/novoportal\/2017\/02\/13\/itapetinga-empresarios-da-construcao-civil-se-reunem-com-presidente-do-legislativo\/","title":{"rendered":"ITAPETINGA: EMPRES\u00c1RIOS DA CONSTRU\u00c7\u00c3O CIVIL SE RE\u00daNEM COM PRESIDENTE DO LEGISLATIVO"},"content":{"rendered":"<p><img loading=\"lazy\" decoding=\"async\" class=\"\" src=\"http:\/\/itapetinga.ba.leg.br\/institucional\/noticias\/empresarios-da-construcao-civil-participam-de-reuniao-com-o-presidente-da-camara-municipal-de-itapetinga\/image\" alt=\"Empres\u00e1rios da constru\u00e7\u00e3o civil participam de reuni\u00e3o com o presidente da C\u00e2mara Municipal de Itapetinga \" width=\"499\" height=\"281\" \/><\/p>\n<p>Na manh\u00e3 desta segunda-feira (13), empres\u00e1rios da constru\u00e7\u00e3o civil compareceram ao gabinete do presidente da C\u00e2mara Municipal de Itapetinga, Eliomar Barreira\/Tarug\u00e3o (PMDB), para solicitar o apoio do Poder Legislativo na busca de solu\u00e7\u00f5es para problemas que est\u00e3o dificultando o crescimento do setor.<\/p>\n<p>Organizada pelo presidente da Associa\u00e7\u00e3o Uni\u00e3o dos Construtores do Sudoeste Baiano, Marcos Brasil, a reuni\u00e3o contou com a presen\u00e7a de v\u00e1rios empres\u00e1rios, entre eles Rodrigo Barros, M\u00e1rcio Ferreira, Miraldo Nunes, Aniel Nunes, Ramon Santos, Ant\u00f4nio Rezende, Brenno Rares, Robson Rares, Railton Nunes e Jos\u00e9 Lu\u00eds Santos.<\/p>\n<p>De acordo com Marcos Brasil, a reuni\u00e3o teve como objetivo buscar uma harmonia entre construtores, cart\u00f3rios e o poder p\u00fablico municipal. Ele explicou que os empres\u00e1rios querem que haja mais celeridade no andamento dos processos que dependem das secretarias municipais de Infraestrutura e Meio Ambiente. Marcos ressaltou ainda que os cart\u00f3rios j\u00e1 se comprometeram a agilizar os procedimentos nos servi\u00e7os prestados, e contou que, com a privatiza\u00e7\u00e3o do cart\u00f3rio do 2\u00ba Of\u00edcio, processos parados h\u00e1 anos ser\u00e3o, finalmente, agilizados.<\/p>\n<p><img loading=\"lazy\" decoding=\"async\" class=\"\" src=\"http:\/\/itapetinga.ba.leg.br\/institucional\/fotos\/WhatsAppImage20170213at11.33.48.jpeg\" alt=\"Empres\u00e1rios da constru\u00e7\u00e3o civil participam de reuni\u00e3o com o presidente da C\u00e2mara\" width=\"500\" height=\"300\" \/><\/p>\n<p>O empres\u00e1rio tamb\u00e9m falou sobre a import\u00e2ncia do setor para a gera\u00e7\u00e3o de emprego e renda. Segundo ele, os construtores desejam que os poderes constitu\u00eddos do munic\u00edpio estejam abertos ao desenvolvimento. <i>\u201cItapetinga hoje possui 25 mil pessoas desempregadas, ent\u00e3o, n\u00f3s n\u00e3o podemos permitir que os empres\u00e1rios deixem de investir aqui no nosso munic\u00edpio<\/i>\u201d, afirmou.<\/p>\n<p>Marcos Brasil disse ainda que quer o apoio da Casa Legislativa no sentido de modificar a legisla\u00e7\u00e3o municipal caso haja algum dispositivo que venha impedir o desenvolvimento da cidade. <i>\u201cO nosso desejo \u00e9 que Itapetinga volte a ser grande, que Itapetinga volte a ser aquela cidade importante dos anos 1980, quando ficou conhecida, nacionalmente e at\u00e9 mesmo fora do pa\u00eds, como a \u2018capital da pecu\u00e1ria\u2019, como uma cidade aberta ao crescimento\u201d<\/i>, declarou.<\/p>\n<p>Atendendo \u00e0s reivindica\u00e7\u00f5es dos empres\u00e1rios, o presidente da C\u00e2mara entrou em contato com o secret\u00e1rio municipal de Infraestrutura, Airton Ferraz, e agendou, para amanh\u00e3 (14), uma reuni\u00e3o para continuar a tratar do assunto na presen\u00e7a dos representantes do setor da constru\u00e7\u00e3o civil. \/\/<em>Ascom C\u00e2mara<\/em><\/p>\n","protected":false},"excerpt":{"rendered":"<p>Na manh\u00e3 desta segunda-feira (13), empres\u00e1rios da constru\u00e7\u00e3o civil compareceram ao gabinete do presidente da C\u00e2mara Municipal de Itapetinga, Eliomar Barreira\/Tarug\u00e3o (PMDB), para solicitar o apoio do Poder Legislativo na busca de solu\u00e7\u00f5es para problemas que est\u00e3o dificultando o crescimento do setor. Organizada pelo presidente da Associa\u00e7\u00e3o Uni\u00e3o dos Construtores do Sudoeste Baiano, Marcos Brasil, [&hellip;]<\/p>\n","protected":false},"author":2,"featured_media":0,"comment_status":"open","ping_status":"open","sticky":false,"template":"","format":"standard","meta":{"footnotes":"","_links_to":"","_links_to_target":""},"categories":[1],"tags":[],"class_list":["post-63942","post","type-post","status-publish","format-standard","hentry","category-geral"],"views":2054,"_links":{"self":[{"href":"https:\/\/www.sudoestehoje.com.br\/novoportal\/wp-json\/wp\/v2\/posts\/63942","targetHints":{"allow":["GET"]}}],"collection":[{"href":"https:\/\/www.sudoestehoje.com.br\/novoportal\/wp-json\/wp\/v2\/posts"}],"about":[{"href":"https:\/\/www.sudoestehoje.com.br\/novoportal\/wp-json\/wp\/v2\/types\/post"}],"author":[{"embeddable":true,"href":"https:\/\/www.sudoestehoje.com.br\/novoportal\/wp-json\/wp\/v2\/users\/2"}],"replies":[{"embeddable":true,"href":"https:\/\/www.sudoestehoje.com.br\/novoportal\/wp-json\/wp\/v2\/comments?post=63942"}],"version-history":[{"count":1,"href":"https:\/\/www.sudoestehoje.com.br\/novoportal\/wp-json\/wp\/v2\/posts\/63942\/revisions"}],"predecessor-version":[{"id":63943,"href":"https:\/\/www.sudoestehoje.com.br\/novoportal\/wp-json\/wp\/v2\/posts\/63942\/revisions\/63943"}],"wp:attachment":[{"href":"https:\/\/www.sudoestehoje.com.br\/novoportal\/wp-json\/wp\/v2\/media?parent=63942"}],"wp:term":[{"taxonomy":"category","embeddable":true,"href":"https:\/\/www.sudoestehoje.com.br\/novoportal\/wp-json\/wp\/v2\/categories?post=63942"},{"taxonomy":"post_tag","embeddable":true,"href":"https:\/\/www.sudoestehoje.com.br\/novoportal\/wp-json\/wp\/v2\/tags?post=63942"}],"curies":[{"name":"wp","href":"https:\/\/api.w.org\/{rel}","templated":true}]}}