
{"id":63932,"date":"2017-02-13T17:08:45","date_gmt":"2017-02-13T20:08:45","guid":{"rendered":"http:\/\/www.sudoestehoje.com.br\/novoportal\/?p=63932"},"modified":"2017-02-13T17:08:45","modified_gmt":"2017-02-13T20:08:45","slug":"economia-brasil-tera-25-milhoes-de-novos-pobres-ate-o-fim-do-ano","status":"publish","type":"post","link":"https:\/\/www.sudoestehoje.com.br\/novoportal\/2017\/02\/13\/economia-brasil-tera-25-milhoes-de-novos-pobres-ate-o-fim-do-ano\/","title":{"rendered":"ECONOMIA: BRASIL TER\u00c1 2,5 MILH\u00d5ES DE &#8220;NOVOS POBRES&#8221; AT\u00c9 O FIM DO ANO"},"content":{"rendered":"<div class=\"_5x46\">\n<div class=\"clearfix _5va3\">\n<div class=\"clearfix _42ef\">\n<div class=\"_5va4\">\n<div class=\"_6a _5u5j\">\n<div class=\"_6a _5u5j _6b\">\n<div id=\"u_jsonp_12_1i\" class=\"_6a _43_1 _4f-9 _nws _21o- _fol\">\u00a0<img loading=\"lazy\" decoding=\"async\" class=\"scaledImageFitWidth img\" src=\"https:\/\/external-gru2-1.xx.fbcdn.net\/safe_image.php?d=AQCYBwJm8mzH3QCQ&amp;w=487&amp;h=255&amp;url=http%3A%2F%2Fog.infg.com.br%2Fin%2F20915293-324-3f8%2FFT1086A%2Fbolsa-familia.jpg&amp;cfs=1&amp;upscale=1&amp;sx=0&amp;sy=0&amp;sw=1086&amp;sh=569&amp;_nc_hash=AQB3EWBUW0nh3zrL\" alt=\"\" width=\"500\" height=\"262\" \/><\/div>\n<\/div>\n<\/div>\n<\/div>\n<\/div>\n<\/div>\n<\/div>\n<p>Estudo in\u00e9dito do Banco Mundial, ao qual o GLOBO teve acesso, aponta que o n\u00famero de pessoas vivendo na pobreza no Brasil aumentar\u00e1 entre 2,5 milh\u00f5es e 3,6 milh\u00f5es at\u00e9 o fim deste ano. Denominados de \u201cnovos pobres\u201d pela institui\u00e7\u00e3o internacional, porque estavam acima da linha da pobreza em 2015 e j\u00e1 ca\u00edram ou cair\u00e3o abaixo dela neste ano, eles s\u00e3o na maioria adultos jovens, de \u00e1reas urbanas, com escolaridade m\u00e9dia e que foram expulsos do mercado de trabalho formal pelo desemprego. \/\/O Globo<\/p>\n","protected":false},"excerpt":{"rendered":"<p>\u00a0 Estudo in\u00e9dito do Banco Mundial, ao qual o GLOBO teve acesso, aponta que o n\u00famero de pessoas vivendo na pobreza no Brasil aumentar\u00e1 entre 2,5 milh\u00f5es e 3,6 milh\u00f5es at\u00e9 o fim deste ano. Denominados de \u201cnovos pobres\u201d pela institui\u00e7\u00e3o internacional, porque estavam acima da linha da pobreza em 2015 e j\u00e1 ca\u00edram ou [&hellip;]<\/p>\n","protected":false},"author":2,"featured_media":0,"comment_status":"open","ping_status":"open","sticky":false,"template":"","format":"standard","meta":{"footnotes":"","_links_to":"","_links_to_target":""},"categories":[1],"tags":[],"class_list":["post-63932","post","type-post","status-publish","format-standard","hentry","category-geral"],"views":1267,"_links":{"self":[{"href":"https:\/\/www.sudoestehoje.com.br\/novoportal\/wp-json\/wp\/v2\/posts\/63932","targetHints":{"allow":["GET"]}}],"collection":[{"href":"https:\/\/www.sudoestehoje.com.br\/novoportal\/wp-json\/wp\/v2\/posts"}],"about":[{"href":"https:\/\/www.sudoestehoje.com.br\/novoportal\/wp-json\/wp\/v2\/types\/post"}],"author":[{"embeddable":true,"href":"https:\/\/www.sudoestehoje.com.br\/novoportal\/wp-json\/wp\/v2\/users\/2"}],"replies":[{"embeddable":true,"href":"https:\/\/www.sudoestehoje.com.br\/novoportal\/wp-json\/wp\/v2\/comments?post=63932"}],"version-history":[{"count":1,"href":"https:\/\/www.sudoestehoje.com.br\/novoportal\/wp-json\/wp\/v2\/posts\/63932\/revisions"}],"predecessor-version":[{"id":63933,"href":"https:\/\/www.sudoestehoje.com.br\/novoportal\/wp-json\/wp\/v2\/posts\/63932\/revisions\/63933"}],"wp:attachment":[{"href":"https:\/\/www.sudoestehoje.com.br\/novoportal\/wp-json\/wp\/v2\/media?parent=63932"}],"wp:term":[{"taxonomy":"category","embeddable":true,"href":"https:\/\/www.sudoestehoje.com.br\/novoportal\/wp-json\/wp\/v2\/categories?post=63932"},{"taxonomy":"post_tag","embeddable":true,"href":"https:\/\/www.sudoestehoje.com.br\/novoportal\/wp-json\/wp\/v2\/tags?post=63932"}],"curies":[{"name":"wp","href":"https:\/\/api.w.org\/{rel}","templated":true}]}}