
{"id":6392,"date":"2011-07-04T18:43:14","date_gmt":"2011-07-04T21:43:14","guid":{"rendered":"http:\/\/www.sudoestehoje.com.br\/novoportal\/?p=6392"},"modified":"2011-07-04T18:43:14","modified_gmt":"2011-07-04T21:43:14","slug":"nova-lei-pode-soltar-metade-dos-presos-da-bahia","status":"publish","type":"post","link":"https:\/\/www.sudoestehoje.com.br\/novoportal\/2011\/07\/04\/nova-lei-pode-soltar-metade-dos-presos-da-bahia\/","title":{"rendered":"NOVA LEI PODE SOLTAR METADE DOS PRESOS DA BAHIA"},"content":{"rendered":"<p style=\"text-align: center;\"><img decoding=\"async\" class=\"aligncenter\" src=\"http:\/\/1.bp.blogspot.com\/_TZyOHtM2wbs\/TRSb1H92uEI\/AAAAAAAAEAo\/dgU0FBO1Kvs\/s400\/justicafesta.jpg\" alt=\"\" \/><\/p>\n<p style=\"text-align: center;\"><em><strong>Cerca de 7.700 presos da Bahia poder\u00e3o voltar \u00e0s ruas<\/strong><\/em><\/p>\n<p>\u00a0<\/p>\n<p>Com as altera\u00e7\u00f5es no C\u00f3digo de Processo Penal (ap\u00f3s aprova\u00e7\u00e3o da Lei 12.403\/11), que passam a vigorar nesta segunda (4) no Brasil, algo em torno de 7.700 presos em toda a Bahia ganham chance de sair de tr\u00e1s das grades para responder \u00e0s acusa\u00e7\u00f5es em liberdade \u2013 praticamente metade da popula\u00e7\u00e3o carcer\u00e1ria no Estado, que \u00e9 de 15.500 pessoas, de acordo com o Conselho Nacional de Pol\u00edtica Criminal e Penitenci\u00e1ria do Minist\u00e9rio da Justi\u00e7a.<\/p>\n<p>Conforme a nova lei, somente os presos que ainda aguardam julgamento e respondem por crimes cuja pena m\u00e1xima n\u00e3o ultrapassa quatro anos de deten\u00e7\u00e3o \u2013 como casos de furto simples, recepta\u00e7\u00e3o de mercadoria roubada e homic\u00eddio culposo (quando n\u00e3o h\u00e1 inten\u00e7\u00e3o de matar) \u2013 podem ser beneficiados. Por\u00e9m n\u00e3o significa que ganhar\u00e3o liberdade imediata.<\/p>\n<p>\u201cN\u00e3o vai ser uma esp\u00e9cie de passe livre. Todo o hist\u00f3rico de vida do cidad\u00e3o ser\u00e1 analisado antes de qualquer decis\u00e3o\u201d, ponderou a ju\u00edza Nartir Weber, presidente da Associa\u00e7\u00e3o dos Magistrados da Bahia. Assim como ela, o professor Marcos Paulo Dutra, mestre em direito processual pela Universidade do Estado do Rio de Janeiro (Uerj) e defensor p\u00fablico naquele Estado, avalia que o principal foco da nova lei \u00e9 atenuar a superlota\u00e7\u00e3o nas pris\u00f5es.<\/p>\n<p><strong><em>A Tarde<\/em>.<\/strong><\/p>\n","protected":false},"excerpt":{"rendered":"<p>Cerca de 7.700 presos da Bahia poder\u00e3o voltar \u00e0s ruas \u00a0 Com as altera\u00e7\u00f5es no C\u00f3digo de Processo Penal (ap\u00f3s aprova\u00e7\u00e3o da Lei 12.403\/11), que passam a vigorar nesta segunda (4) no Brasil, algo em torno de 7.700 presos em toda a Bahia ganham chance de sair de tr\u00e1s das grades para responder \u00e0s acusa\u00e7\u00f5es [&hellip;]<\/p>\n","protected":false},"author":2,"featured_media":0,"comment_status":"open","ping_status":"open","sticky":false,"template":"","format":"standard","meta":{"footnotes":"","_links_to":"","_links_to_target":""},"categories":[1],"tags":[],"class_list":["post-6392","post","type-post","status-publish","format-standard","hentry","category-geral"],"views":1267,"_links":{"self":[{"href":"https:\/\/www.sudoestehoje.com.br\/novoportal\/wp-json\/wp\/v2\/posts\/6392","targetHints":{"allow":["GET"]}}],"collection":[{"href":"https:\/\/www.sudoestehoje.com.br\/novoportal\/wp-json\/wp\/v2\/posts"}],"about":[{"href":"https:\/\/www.sudoestehoje.com.br\/novoportal\/wp-json\/wp\/v2\/types\/post"}],"author":[{"embeddable":true,"href":"https:\/\/www.sudoestehoje.com.br\/novoportal\/wp-json\/wp\/v2\/users\/2"}],"replies":[{"embeddable":true,"href":"https:\/\/www.sudoestehoje.com.br\/novoportal\/wp-json\/wp\/v2\/comments?post=6392"}],"version-history":[{"count":2,"href":"https:\/\/www.sudoestehoje.com.br\/novoportal\/wp-json\/wp\/v2\/posts\/6392\/revisions"}],"predecessor-version":[{"id":6394,"href":"https:\/\/www.sudoestehoje.com.br\/novoportal\/wp-json\/wp\/v2\/posts\/6392\/revisions\/6394"}],"wp:attachment":[{"href":"https:\/\/www.sudoestehoje.com.br\/novoportal\/wp-json\/wp\/v2\/media?parent=6392"}],"wp:term":[{"taxonomy":"category","embeddable":true,"href":"https:\/\/www.sudoestehoje.com.br\/novoportal\/wp-json\/wp\/v2\/categories?post=6392"},{"taxonomy":"post_tag","embeddable":true,"href":"https:\/\/www.sudoestehoje.com.br\/novoportal\/wp-json\/wp\/v2\/tags?post=6392"}],"curies":[{"name":"wp","href":"https:\/\/api.w.org\/{rel}","templated":true}]}}