
{"id":63919,"date":"2017-02-12T18:28:39","date_gmt":"2017-02-12T21:28:39","guid":{"rendered":"http:\/\/www.sudoestehoje.com.br\/novoportal\/?p=63919"},"modified":"2017-02-12T18:28:39","modified_gmt":"2017-02-12T21:28:39","slug":"ze-elias-reposicao-de-juizes-na-comarca-de-itapetinga-precisa-ser-priorizada","status":"publish","type":"post","link":"https:\/\/www.sudoestehoje.com.br\/novoportal\/2017\/02\/12\/ze-elias-reposicao-de-juizes-na-comarca-de-itapetinga-precisa-ser-priorizada\/","title":{"rendered":"Z\u00c9 ELIAS: &#8220;REPOSI\u00c7\u00c3O DE JU\u00cdZES NA COMARCA DE ITAPETINGA PRECISA SER PRIORIZADA&#8221;"},"content":{"rendered":"<p><a href=\"http:\/\/www.sudoestehoje.com.br\/novoportal\/wp-content\/uploads\/2016\/12\/jose-elias-2.jpg\"><img loading=\"lazy\" decoding=\"async\" class=\"size-full wp-image-63134 alignleft\" src=\"http:\/\/www.sudoestehoje.com.br\/novoportal\/wp-content\/uploads\/2016\/12\/jose-elias-2.jpg\" alt=\"jose-elias\" width=\"190\" height=\"193\" \/><\/a><\/p>\n<p>Itapetinga est\u00e1 h\u00e1 mais de 6 meses sem nenhum juiz titular na Comarca, sendo atendida por ju\u00edzes designados de outras Comarcas. O juiz designado \u00e9 uma esp\u00e9cie de substituto que vem desprovido de conhecimento da realidade local e dos processos, e por mais boa vontade que tenha, n\u00e3o tem como imprimir um ritmo normal para as demandas que se encontram na Vara por ele assumida.<\/p>\n<p>Nossa cidade vem perdendo import\u00e2ncia e prestigio. A Comarca de Itapetinga deveria funcionar com 9 magistrados &#8211; como bem lembrou o presidente da OAB, Dr. Fabr\u00edcio Moreira, no programa Boca do Povo, s\u00f3 que, ao longo do tempo, sempre teve no m\u00e1ximo 4 ju\u00edzes.<\/p>\n<p>Este d\u00e9ficit de magistrados prejudica a popula\u00e7\u00e3o que tem comprometida sua solicita\u00e7\u00e3o de um simples pedido de reconhecimento de paternidade, div\u00f3rcios, julgamento de heran\u00e7as, pens\u00f5es aliment\u00edcias, demandas simples e corriqueiras para a popula\u00e7\u00e3o, at\u00e9 julgamentos mais dif\u00edceis que necessitam de mais elabora\u00e7\u00e3o e precis\u00e3o judici\u00e1ria.<\/p>\n<p>A primeira Entr\u00e2ncia \u00e9 aquela de menor porte, com o n\u00famero de processos menor e pouca import\u00e2ncia pol\u00edtica e normalmente um \u00fanico juiz tem condi\u00e7\u00f5es de dar conta da Comarca. A segunda Entr\u00e2ncia ou Entr\u00e2ncia intermedi\u00e1ria tem um n\u00famero mais elevado de processos e uma maior import\u00e2ncia pol\u00edtica. Itapetinga est\u00e1 inserida entre as cidades de segunda Entr\u00e2ncia, j\u00e1 que a terceira Entr\u00e2ncia ou Entr\u00e2ncia especial s\u00e3o instaladas em cidades com mais de 130 mil pessoas.<\/p>\n<p>O travamento judicial tamb\u00e9m prejudica os profissionais do Direito, que sem o funcionamento normal do judici\u00e1rio n\u00e3o conseguem trabalhar. As pessoas que contratam os advogados para moverem algum tipo de a\u00e7\u00e3o, pressionam por resultados, reclamando do longo tempo para um desfecho da a\u00e7\u00e3o, muitas vezes achando que \u00e9 &#8220;corpo mole&#8221; do advogado, quando na verdade, os processos n\u00e3o andam por falta de ju\u00edzes na Comarca.<\/p>\n<p>A cidade est\u00e1 prejudicada com est\u00e1 inusitada situa\u00e7\u00e3o de termos uma Comarca sem juiz titular. Este assunto precisa ser considerado priorit\u00e1rio pelos lideres do munic\u00edpio. Press\u00e3o da comunidade e for\u00e7a pol\u00edtica dos nossos representantes, talvez seja o rem\u00e9dio para esta grave enfermidade. Do jeito que est\u00e1 n\u00e3o pode continuar.<\/p>\n<p><strong>Por Jos\u00e9 Elias Ribeiro<\/strong><\/p>\n","protected":false},"excerpt":{"rendered":"<p>Itapetinga est\u00e1 h\u00e1 mais de 6 meses sem nenhum juiz titular na Comarca, sendo atendida por ju\u00edzes designados de outras Comarcas. O juiz designado \u00e9 uma esp\u00e9cie de substituto que vem desprovido de conhecimento da realidade local e dos processos, e por mais boa vontade que tenha, n\u00e3o tem como imprimir um ritmo normal para [&hellip;]<\/p>\n","protected":false},"author":2,"featured_media":0,"comment_status":"open","ping_status":"open","sticky":false,"template":"","format":"standard","meta":{"footnotes":"","_links_to":"","_links_to_target":""},"categories":[1],"tags":[],"class_list":["post-63919","post","type-post","status-publish","format-standard","hentry","category-geral"],"views":1681,"_links":{"self":[{"href":"https:\/\/www.sudoestehoje.com.br\/novoportal\/wp-json\/wp\/v2\/posts\/63919","targetHints":{"allow":["GET"]}}],"collection":[{"href":"https:\/\/www.sudoestehoje.com.br\/novoportal\/wp-json\/wp\/v2\/posts"}],"about":[{"href":"https:\/\/www.sudoestehoje.com.br\/novoportal\/wp-json\/wp\/v2\/types\/post"}],"author":[{"embeddable":true,"href":"https:\/\/www.sudoestehoje.com.br\/novoportal\/wp-json\/wp\/v2\/users\/2"}],"replies":[{"embeddable":true,"href":"https:\/\/www.sudoestehoje.com.br\/novoportal\/wp-json\/wp\/v2\/comments?post=63919"}],"version-history":[{"count":3,"href":"https:\/\/www.sudoestehoje.com.br\/novoportal\/wp-json\/wp\/v2\/posts\/63919\/revisions"}],"predecessor-version":[{"id":63922,"href":"https:\/\/www.sudoestehoje.com.br\/novoportal\/wp-json\/wp\/v2\/posts\/63919\/revisions\/63922"}],"wp:attachment":[{"href":"https:\/\/www.sudoestehoje.com.br\/novoportal\/wp-json\/wp\/v2\/media?parent=63919"}],"wp:term":[{"taxonomy":"category","embeddable":true,"href":"https:\/\/www.sudoestehoje.com.br\/novoportal\/wp-json\/wp\/v2\/categories?post=63919"},{"taxonomy":"post_tag","embeddable":true,"href":"https:\/\/www.sudoestehoje.com.br\/novoportal\/wp-json\/wp\/v2\/tags?post=63919"}],"curies":[{"name":"wp","href":"https:\/\/api.w.org\/{rel}","templated":true}]}}