
{"id":63911,"date":"2017-02-11T22:05:07","date_gmt":"2017-02-12T01:05:07","guid":{"rendered":"http:\/\/www.sudoestehoje.com.br\/novoportal\/?p=63911"},"modified":"2017-02-11T22:05:07","modified_gmt":"2017-02-12T01:05:07","slug":"projeto-itapetinga-verao-incentiva-e-revela-novos-talentos","status":"publish","type":"post","link":"https:\/\/www.sudoestehoje.com.br\/novoportal\/2017\/02\/11\/projeto-itapetinga-verao-incentiva-e-revela-novos-talentos\/","title":{"rendered":"PROJETO &#8220;ITAPETINGA VER\u00c3O&#8221; INCENTIVA E REVELA NOVOS TALENTOS"},"content":{"rendered":"<p><a href=\"http:\/\/www.sudoestehoje.com.br\/novoportal\/wp-content\/uploads\/2017\/02\/rafa-1.jpg\"><img loading=\"lazy\" decoding=\"async\" class=\"aligncenter size-medium wp-image-63916\" src=\"http:\/\/www.sudoestehoje.com.br\/novoportal\/wp-content\/uploads\/2017\/02\/rafa-1-500x500.jpg\" alt=\"rafa 1\" width=\"500\" height=\"500\" srcset=\"https:\/\/www.sudoestehoje.com.br\/novoportal\/wp-content\/uploads\/2017\/02\/rafa-1-500x500.jpg 500w, https:\/\/www.sudoestehoje.com.br\/novoportal\/wp-content\/uploads\/2017\/02\/rafa-1-150x150.jpg 150w, https:\/\/www.sudoestehoje.com.br\/novoportal\/wp-content\/uploads\/2017\/02\/rafa-1.jpg 565w\" sizes=\"auto, (max-width: 500px) 100vw, 500px\" \/><\/a><\/p>\n<p>Dentre as diversas modalidades esportivas, culturais e recreativas desenvolvidas no Projeto Itapetinga Ver\u00e3o, no Parque Poliesportivo da Lagoa, uma vem se destacando e chamando \u00e0 aten\u00e7\u00e3o dos participantes e espectadores: o Bal\u00e9 Infantil da Academia Amar.<\/p>\n<p>A modalidade traz muitos benef\u00edcios \u00e0s crian\u00e7as. Traz leveza, graciosidade, disciplina e dedica\u00e7\u00e3o. Os exerc\u00edcios desenvolvidos em aula trabalham a coordena\u00e7\u00e3o motora e a consci\u00eancia corporal.<\/p>\n<p><a href=\"http:\/\/www.sudoestehoje.com.br\/novoportal\/wp-content\/uploads\/2017\/02\/rafa-2.jpg\"><img loading=\"lazy\" decoding=\"async\" class=\"aligncenter size-medium wp-image-63917\" src=\"http:\/\/www.sudoestehoje.com.br\/novoportal\/wp-content\/uploads\/2017\/02\/rafa-2-500x500.jpg\" alt=\"rafa 2\" width=\"500\" height=\"500\" srcset=\"https:\/\/www.sudoestehoje.com.br\/novoportal\/wp-content\/uploads\/2017\/02\/rafa-2-500x500.jpg 500w, https:\/\/www.sudoestehoje.com.br\/novoportal\/wp-content\/uploads\/2017\/02\/rafa-2-150x150.jpg 150w, https:\/\/www.sudoestehoje.com.br\/novoportal\/wp-content\/uploads\/2017\/02\/rafa-2.jpg 565w\" sizes=\"auto, (max-width: 500px) 100vw, 500px\" \/><\/a><\/p>\n<p>Nas apresenta\u00e7\u00f5es no Parque da Lagoa, o destaque ficou para a pequena <em>Raphaela Meneses Dias<\/em>, de 5 anos, que mostrou desenvoltura e muito talento como bailarina.<\/p>\n<p>Parab\u00e9ns para Raphaela e sua m\u00e3e Aline.<\/p>\n<p><strong><em>Por Davi Ferraz<\/em><\/strong><\/p>\n","protected":false},"excerpt":{"rendered":"<p>Dentre as diversas modalidades esportivas, culturais e recreativas desenvolvidas no Projeto Itapetinga Ver\u00e3o, no Parque Poliesportivo da Lagoa, uma vem se destacando e chamando \u00e0 aten\u00e7\u00e3o dos participantes e espectadores: o Bal\u00e9 Infantil da Academia Amar. A modalidade traz muitos benef\u00edcios \u00e0s crian\u00e7as. Traz leveza, graciosidade, disciplina e dedica\u00e7\u00e3o. Os exerc\u00edcios desenvolvidos em aula trabalham [&hellip;]<\/p>\n","protected":false},"author":2,"featured_media":0,"comment_status":"open","ping_status":"open","sticky":false,"template":"","format":"standard","meta":{"footnotes":"","_links_to":"","_links_to_target":""},"categories":[1],"tags":[],"class_list":["post-63911","post","type-post","status-publish","format-standard","hentry","category-geral"],"views":1584,"_links":{"self":[{"href":"https:\/\/www.sudoestehoje.com.br\/novoportal\/wp-json\/wp\/v2\/posts\/63911","targetHints":{"allow":["GET"]}}],"collection":[{"href":"https:\/\/www.sudoestehoje.com.br\/novoportal\/wp-json\/wp\/v2\/posts"}],"about":[{"href":"https:\/\/www.sudoestehoje.com.br\/novoportal\/wp-json\/wp\/v2\/types\/post"}],"author":[{"embeddable":true,"href":"https:\/\/www.sudoestehoje.com.br\/novoportal\/wp-json\/wp\/v2\/users\/2"}],"replies":[{"embeddable":true,"href":"https:\/\/www.sudoestehoje.com.br\/novoportal\/wp-json\/wp\/v2\/comments?post=63911"}],"version-history":[{"count":5,"href":"https:\/\/www.sudoestehoje.com.br\/novoportal\/wp-json\/wp\/v2\/posts\/63911\/revisions"}],"predecessor-version":[{"id":63918,"href":"https:\/\/www.sudoestehoje.com.br\/novoportal\/wp-json\/wp\/v2\/posts\/63911\/revisions\/63918"}],"wp:attachment":[{"href":"https:\/\/www.sudoestehoje.com.br\/novoportal\/wp-json\/wp\/v2\/media?parent=63911"}],"wp:term":[{"taxonomy":"category","embeddable":true,"href":"https:\/\/www.sudoestehoje.com.br\/novoportal\/wp-json\/wp\/v2\/categories?post=63911"},{"taxonomy":"post_tag","embeddable":true,"href":"https:\/\/www.sudoestehoje.com.br\/novoportal\/wp-json\/wp\/v2\/tags?post=63911"}],"curies":[{"name":"wp","href":"https:\/\/api.w.org\/{rel}","templated":true}]}}