
{"id":63896,"date":"2017-02-11T08:01:46","date_gmt":"2017-02-11T11:01:46","guid":{"rendered":"http:\/\/www.sudoestehoje.com.br\/novoportal\/?p=63896"},"modified":"2017-02-11T19:41:21","modified_gmt":"2017-02-11T22:41:21","slug":"itapetinga-audiencia-publica-debate-efeitos-da-estiagem-na-regiao-sudoeste","status":"publish","type":"post","link":"https:\/\/www.sudoestehoje.com.br\/novoportal\/2017\/02\/11\/itapetinga-audiencia-publica-debate-efeitos-da-estiagem-na-regiao-sudoeste\/","title":{"rendered":"ITAPETINGA: AUDI\u00caNCIA P\u00daBLICA DEBATE EFEITOS DA ESTIAGEM NA REGI\u00c3O SUDOESTE"},"content":{"rendered":"<p><img loading=\"lazy\" decoding=\"async\" class=\"\" src=\"https:\/\/scontent-gru2-1.xx.fbcdn.net\/v\/t1.0-9\/16729254_1276024969155568_6532276786689829427_n.jpg?oh=f63f170ee242ea6e3c3fad3e980a8bc0&amp;oe=59415CBC\" alt=\"A imagem pode conter: 6 pessoas, pessoas sentadas, pessoas em p\u00e9 e \u00e1rea interna\" width=\"501\" height=\"267\" \/><\/p>\n<p>Nos \u00faltimos cinco anos, Itapetinga e todo o Sudoeste baiano t\u00eam enfrentado um ciclo de estiagem severa que trouxe como consequ\u00eancia a degrada\u00e7\u00e3o de mais de 50% da \u00e1rea de pastagem e uma redu\u00e7\u00e3o expressiva do rebanho. Preocupada com a situa\u00e7\u00e3o dos produtores rurais e com o futuro econ\u00f4mico da regi\u00e3o, a Prefeitura Municipal de Itapetinga organizou uma audi\u00eancia p\u00fablica para, junto a importantes entidades envolvidas com o setor, buscar poss\u00edveis solu\u00e7\u00f5es para amenizar os preju\u00edzos causados pela seca.<\/p>\n<p><img loading=\"lazy\" decoding=\"async\" class=\"\" src=\"https:\/\/scontent-gru2-1.xx.fbcdn.net\/v\/t1.0-9\/16730416_1276025099155555_6118415488468159947_n.jpg?oh=911860be0e85da5b7468e93e4e20046e&amp;oe=59061E22\" alt=\"A imagem pode conter: 13 pessoas, pessoas sentadas e \u00e1rea interna\" width=\"501\" height=\"288\" \/><\/p>\n<p>Formaram a mesa de debates, o prefeito Rodrigo Hagge junto a Heraldo Rocha, Diretor do DNOCS \u2013 Departamento Nacional de Obras Contra a Seca; M\u00e1rcio Pedreira, Professor da Uesb; Paulo Ferraz, representante da Abab; al\u00e9m dos deputados L\u00facio Vieira Lima e Pedro Tavares, \u00c9der Resende, representando o Sindicato Rural e os representantes do Banco do Brasil e Banco do Nordeste. Estiveram presentes ao debate prefeitos da regi\u00e3o, representantes da Coopmac, Senar, Coopardo, Cooleite.<\/p>\n<p><img loading=\"lazy\" decoding=\"async\" class=\"\" src=\"https:\/\/scontent-gru2-1.xx.fbcdn.net\/v\/t1.0-9\/16711957_1276025242488874_2435740539288434703_n.jpg?oh=4ba041919bde7d7711742c040dcee9ff&amp;oe=5934F11C\" alt=\"A imagem pode conter: 12 pessoas, pessoas sentadas\" width=\"500\" height=\"331\" \/><\/p>\n<p>Ao iniciar os debates, Rodrigo Hagge falou sobre sua preocupa\u00e7\u00e3o com a economia do munic\u00edpio, por muitos anos sustentada pela pecu\u00e1ria, da necessidade de uni\u00e3o entre prefeitos, sindicatos e cooperativas e de planos de a\u00e7\u00f5es efetivas para a conviv\u00eancia com a seca.<\/p>\n<p><img loading=\"lazy\" decoding=\"async\" class=\"\" src=\"https:\/\/scontent-gru2-1.xx.fbcdn.net\/v\/t1.0-9\/16708657_1276025422488856_8728264818085228401_n.jpg?oh=b466a1ade2eb0e64e447f6fdf5bdd672&amp;oe=593F0C5F\" alt=\"A imagem pode conter: 13 pessoas, pessoas em p\u00e9 e \u00e1rea interna\" width=\"501\" height=\"253\" \/><\/p>\n<p>O longo per\u00edodo de estiagem vem maltratando nossos pastos, antes valorizados por todo o pa\u00eds. Pensando nisso, o professor da Uesb, M\u00e1rcio Pedreira, falou sobre o impacto que a seca vem causando nas pastagens da regi\u00e3o.Sobre o impacto econ\u00f4mico desse cen\u00e1rio na agropecu\u00e1ria, falou Paulo Ferraz, coordenador regional da Adab.<\/p>\n<p><img loading=\"lazy\" decoding=\"async\" class=\"\" src=\"https:\/\/scontent-gru2-1.xx.fbcdn.net\/v\/t1.0-9\/16729420_1276025859155479_6612156658761866260_n.jpg?oh=e43fc35d0d278c347967c9b4e22f458b&amp;oe=59436404\" alt=\"A imagem pode conter: 6 pessoas, pessoas em p\u00e9 e barba\" width=\"500\" height=\"301\" \/><\/p>\n<p>Seguiram-se falas sobre essencialidade de obras emergenciais, de uni\u00e3o de produtores, cooperativa, sindicatos e sociedade organizada. O deputado estadual Pedro Tavares, deixou-se dispon\u00edvel para, junto com os produtores de Itapetinga e regi\u00e3o, buscar solu\u00e7\u00f5es en\u00e9rgicas para que os problemas da estiagem. Segundo ele, n\u00e3o basta arranjar maneiras de combater a seca, mas tamb\u00e9m de conviver com ela.<\/p>\n<p><img loading=\"lazy\" decoding=\"async\" class=\"\" src=\"https:\/\/scontent-gru2-1.xx.fbcdn.net\/v\/t1.0-9\/16640567_1276041915820540_7472920744701346791_n.jpg?oh=ed1f9272f1a9076a66436f6e9b0c6bcf&amp;oe=590A86EC\" alt=\"A imagem pode conter: 6 pessoas, pessoas sorrindo, pessoas em p\u00e9\" width=\"500\" height=\"331\" \/><\/p>\n<p>Ao final, o prefeito Rodrigo Hagge parabenizou e agradeceu a todos os presentes respons\u00e1veis pelo rico debate. Em seguida, formou uma comiss\u00e3o que buscar\u00e1 com as autoridades respons\u00e1veis solu\u00e7\u00f5es vi\u00e1veis para a conviv\u00eancia saud\u00e1vel e sustent\u00e1vel com a seca. A comiss\u00e3o, respons\u00e1vel por enviar relat\u00f3rios e fazer negocia\u00e7\u00f5es amplas, foi formada por Caio Aguiar, representante dos produtores rurais;M\u00e1rcio Pedreira, representante da Uesb; Marcelo Ferraz, representando o Sindicato Rural; Murilo Cardoso, representando as cooperativas e o prefeito Rodrigo Hagge.<\/p>\n<p><img loading=\"lazy\" decoding=\"async\" class=\"\" src=\"https:\/\/scontent-gru2-1.xx.fbcdn.net\/v\/t1.0-9\/16730592_1276026109155454_9157072922750760861_n.jpg?oh=9b47e1335f7b2c1f99455fff92fb9fb6&amp;oe=59052C9D\" alt=\"A imagem pode conter: 2 pessoas, pessoas sentadas e barba\" width=\"501\" height=\"320\" \/><\/p>\n<p>Rodrigo afirmou que, para manter o t\u00edtulo de Capital da Pecu\u00e1ria ele lutar\u00e1 incansavelmente para fomentar o agroneg\u00f3cio. <span style=\"color: #0000ff;\"><strong><em>CONFIRA V\u00cdDEO&#8230;<\/em><\/strong><\/span><br \/>\n<iframe loading=\"lazy\" style=\"border: none; overflow: hidden;\" src=\"https:\/\/www.facebook.com\/plugins\/video.php?href=https%3A%2F%2Fwww.facebook.com%2Fg4tvaovivo%2Fvideos%2F256745991418613%2F&amp;show_text=0&amp;width=560\" width=\"560\" height=\"315\" frameborder=\"0\" scrolling=\"no\" allowfullscreen=\"allowfullscreen\"><\/iframe><\/p>\n<p><strong><em>Ascom Prefeitura<\/em><\/strong><\/p>\n","protected":false},"excerpt":{"rendered":"<p>Nos \u00faltimos cinco anos, Itapetinga e todo o Sudoeste baiano t\u00eam enfrentado um ciclo de estiagem severa que trouxe como consequ\u00eancia a degrada\u00e7\u00e3o de mais de 50% da \u00e1rea de pastagem e uma redu\u00e7\u00e3o expressiva do rebanho. Preocupada com a situa\u00e7\u00e3o dos produtores rurais e com o futuro econ\u00f4mico da regi\u00e3o, a Prefeitura Municipal de [&hellip;]<\/p>\n","protected":false},"author":2,"featured_media":0,"comment_status":"open","ping_status":"open","sticky":false,"template":"","format":"standard","meta":{"footnotes":"","_links_to":"","_links_to_target":""},"categories":[1],"tags":[],"class_list":["post-63896","post","type-post","status-publish","format-standard","hentry","category-geral"],"views":1382,"_links":{"self":[{"href":"https:\/\/www.sudoestehoje.com.br\/novoportal\/wp-json\/wp\/v2\/posts\/63896","targetHints":{"allow":["GET"]}}],"collection":[{"href":"https:\/\/www.sudoestehoje.com.br\/novoportal\/wp-json\/wp\/v2\/posts"}],"about":[{"href":"https:\/\/www.sudoestehoje.com.br\/novoportal\/wp-json\/wp\/v2\/types\/post"}],"author":[{"embeddable":true,"href":"https:\/\/www.sudoestehoje.com.br\/novoportal\/wp-json\/wp\/v2\/users\/2"}],"replies":[{"embeddable":true,"href":"https:\/\/www.sudoestehoje.com.br\/novoportal\/wp-json\/wp\/v2\/comments?post=63896"}],"version-history":[{"count":8,"href":"https:\/\/www.sudoestehoje.com.br\/novoportal\/wp-json\/wp\/v2\/posts\/63896\/revisions"}],"predecessor-version":[{"id":63906,"href":"https:\/\/www.sudoestehoje.com.br\/novoportal\/wp-json\/wp\/v2\/posts\/63896\/revisions\/63906"}],"wp:attachment":[{"href":"https:\/\/www.sudoestehoje.com.br\/novoportal\/wp-json\/wp\/v2\/media?parent=63896"}],"wp:term":[{"taxonomy":"category","embeddable":true,"href":"https:\/\/www.sudoestehoje.com.br\/novoportal\/wp-json\/wp\/v2\/categories?post=63896"},{"taxonomy":"post_tag","embeddable":true,"href":"https:\/\/www.sudoestehoje.com.br\/novoportal\/wp-json\/wp\/v2\/tags?post=63896"}],"curies":[{"name":"wp","href":"https:\/\/api.w.org\/{rel}","templated":true}]}}