
{"id":6389,"date":"2011-07-04T18:27:05","date_gmt":"2011-07-04T21:27:05","guid":{"rendered":"http:\/\/www.sudoestehoje.com.br\/novoportal\/?p=6389"},"modified":"2011-07-04T18:27:05","modified_gmt":"2011-07-04T21:27:05","slug":"acidente-na-ponte-de-candido-sales-fecha-a-rio-bahia","status":"publish","type":"post","link":"https:\/\/www.sudoestehoje.com.br\/novoportal\/2011\/07\/04\/acidente-na-ponte-de-candido-sales-fecha-a-rio-bahia\/","title":{"rendered":"ACIDENTE NA PONTE DE C\u00c2NDIDO SALES FECHA A RIO-BAHIA"},"content":{"rendered":"<p style=\"text-align: center;\"><a href=\"http:\/\/www.blogdaresenhageral.com.br\/v1\/wp-content\/uploads\/Acidente-sobre-ponte-BR116-candido-Sales.jpg\"><img loading=\"lazy\" decoding=\"async\" title=\"Acidente sobre ponte BR116 candido Sales\" src=\"http:\/\/www.blogdaresenhageral.com.br\/v1\/wp-content\/uploads\/Acidente-sobre-ponte-BR116-candido-Sales.jpg\" alt=\"\" width=\"500\" height=\"375\" \/><\/a><\/p>\n<p>\u00a0<\/p>\n<p>Um acidente envolvendo duas carretas por volta das 09h de hoje (segunda-feira) sobre a ponte da BR-116 em C\u00e2ndido Sales, deixou todos sentidos da pista interditados. Uma crian\u00e7a de 15 anos que passava pela ponte no momento do acidente, se assustou e pulou sobre os barrancos, segundo informa\u00e7\u00f5es do Hospital Municipal, a crian\u00e7a fraturou a perna. Duas v\u00edtimas foram registradas, uma com ferimentos leves e a outra se encontra em estado grave.<\/p>\n<p>Em contato com a nossa reportagem, o inspetor Lu\u00eds Lidiomar Costa Fernandes, da Pol\u00edcia Rodovi\u00e1ria Federal (PRF), informou que a pista foi liberada por volta das 14h30 e que o tr\u00e2nsito j\u00e1 flui normalmente.<\/p>\n<p><strong><em>Por Rodrigo Ferraz<\/em><\/strong><br \/>\n<strong><em>Foto: Portal C\u00e2ndido Sales<\/em><\/strong><\/p>\n","protected":false},"excerpt":{"rendered":"<p>\u00a0 Um acidente envolvendo duas carretas por volta das 09h de hoje (segunda-feira) sobre a ponte da BR-116 em C\u00e2ndido Sales, deixou todos sentidos da pista interditados. Uma crian\u00e7a de 15 anos que passava pela ponte no momento do acidente, se assustou e pulou sobre os barrancos, segundo informa\u00e7\u00f5es do Hospital Municipal, a crian\u00e7a fraturou [&hellip;]<\/p>\n","protected":false},"author":2,"featured_media":0,"comment_status":"open","ping_status":"open","sticky":false,"template":"","format":"standard","meta":{"footnotes":"","_links_to":"","_links_to_target":""},"categories":[1],"tags":[],"class_list":["post-6389","post","type-post","status-publish","format-standard","hentry","category-geral"],"views":1726,"_links":{"self":[{"href":"https:\/\/www.sudoestehoje.com.br\/novoportal\/wp-json\/wp\/v2\/posts\/6389","targetHints":{"allow":["GET"]}}],"collection":[{"href":"https:\/\/www.sudoestehoje.com.br\/novoportal\/wp-json\/wp\/v2\/posts"}],"about":[{"href":"https:\/\/www.sudoestehoje.com.br\/novoportal\/wp-json\/wp\/v2\/types\/post"}],"author":[{"embeddable":true,"href":"https:\/\/www.sudoestehoje.com.br\/novoportal\/wp-json\/wp\/v2\/users\/2"}],"replies":[{"embeddable":true,"href":"https:\/\/www.sudoestehoje.com.br\/novoportal\/wp-json\/wp\/v2\/comments?post=6389"}],"version-history":[{"count":2,"href":"https:\/\/www.sudoestehoje.com.br\/novoportal\/wp-json\/wp\/v2\/posts\/6389\/revisions"}],"predecessor-version":[{"id":6391,"href":"https:\/\/www.sudoestehoje.com.br\/novoportal\/wp-json\/wp\/v2\/posts\/6389\/revisions\/6391"}],"wp:attachment":[{"href":"https:\/\/www.sudoestehoje.com.br\/novoportal\/wp-json\/wp\/v2\/media?parent=6389"}],"wp:term":[{"taxonomy":"category","embeddable":true,"href":"https:\/\/www.sudoestehoje.com.br\/novoportal\/wp-json\/wp\/v2\/categories?post=6389"},{"taxonomy":"post_tag","embeddable":true,"href":"https:\/\/www.sudoestehoje.com.br\/novoportal\/wp-json\/wp\/v2\/tags?post=6389"}],"curies":[{"name":"wp","href":"https:\/\/api.w.org\/{rel}","templated":true}]}}