
{"id":63888,"date":"2017-02-10T08:04:05","date_gmt":"2017-02-10T11:04:05","guid":{"rendered":"http:\/\/www.sudoestehoje.com.br\/novoportal\/?p=63888"},"modified":"2017-02-10T08:15:42","modified_gmt":"2017-02-10T11:15:42","slug":"ex-prefeito-de-conquista-ganha-cargo-de-embaixador-da-bahia-em-brasilia","status":"publish","type":"post","link":"https:\/\/www.sudoestehoje.com.br\/novoportal\/2017\/02\/10\/ex-prefeito-de-conquista-ganha-cargo-de-embaixador-da-bahia-em-brasilia\/","title":{"rendered":"EX-PREFEITO DE CONQUISTA GANHA CARGO DE &#8220;EMBAIXADOR DA BAHIA&#8221; EM BRASILIA"},"content":{"rendered":"<p><img loading=\"lazy\" decoding=\"async\" class=\"\" src=\"http:\/\/www.blogdorodrigoferraz.com.br\/wp-content\/uploads\/2017\/02\/Guilherme1.jpg\" width=\"500\" height=\"294\" \/><\/p>\n<p>O ex-prefeito de Vit\u00f3ria da Conquista, Guilherme Menezes (PT), foi nomeado para trabalhar na fun\u00e7\u00e3o de representante do governo Rui Costa, em Bras\u00edlia. O posto de &#8220;Embaixador da Bahia&#8221; era ocupado por Jonas Paulo, ex-presidente do PT, que o exercia por correspond\u00eancia, j\u00e1 que pouco ia \u00e0 capital federal.<\/p>\n<p>A expectativa dos petistas de Conquista era grande para que o ex-gestor da capital do Sudoeste baiano assumisse um cargo no primeiro escal\u00e3o do governo Rui Costa, mas o ex-prefeito acabou ficando de fora, por falta de prest\u00edgio junto ao governador, para tristeza do PT conquistense.<\/p>\n<p>H\u00e1 quem diga que o cargo de secret\u00e1rio estadual n\u00e3o saiu para Guilherme por conta de uma articula\u00e7\u00e3o dos deputados petistas Z\u00e9 Raimundo e Waldenor Pereira, que preferem a aposentadoria pol\u00edtica do ex-gestor, &#8216;por tempo de servi\u00e7o&#8217;.<\/p>\n<p>Mas uma &#8216;boquinha&#8217; em Bras\u00edlia n\u00e3o faz mal a ningu\u00e9m. \/\/ Com informa\u00e7\u00f5es do\u00a0<em>Blog do Rodrigo Ferraz<\/em><\/p>\n","protected":false},"excerpt":{"rendered":"<p>O ex-prefeito de Vit\u00f3ria da Conquista, Guilherme Menezes (PT), foi nomeado para trabalhar na fun\u00e7\u00e3o de representante do governo Rui Costa, em Bras\u00edlia. O posto de &#8220;Embaixador da Bahia&#8221; era ocupado por Jonas Paulo, ex-presidente do PT, que o exercia por correspond\u00eancia, j\u00e1 que pouco ia \u00e0 capital federal. A expectativa dos petistas de Conquista [&hellip;]<\/p>\n","protected":false},"author":2,"featured_media":0,"comment_status":"open","ping_status":"open","sticky":false,"template":"","format":"standard","meta":{"footnotes":"","_links_to":"","_links_to_target":""},"categories":[1],"tags":[],"class_list":["post-63888","post","type-post","status-publish","format-standard","hentry","category-geral"],"views":1794,"_links":{"self":[{"href":"https:\/\/www.sudoestehoje.com.br\/novoportal\/wp-json\/wp\/v2\/posts\/63888","targetHints":{"allow":["GET"]}}],"collection":[{"href":"https:\/\/www.sudoestehoje.com.br\/novoportal\/wp-json\/wp\/v2\/posts"}],"about":[{"href":"https:\/\/www.sudoestehoje.com.br\/novoportal\/wp-json\/wp\/v2\/types\/post"}],"author":[{"embeddable":true,"href":"https:\/\/www.sudoestehoje.com.br\/novoportal\/wp-json\/wp\/v2\/users\/2"}],"replies":[{"embeddable":true,"href":"https:\/\/www.sudoestehoje.com.br\/novoportal\/wp-json\/wp\/v2\/comments?post=63888"}],"version-history":[{"count":5,"href":"https:\/\/www.sudoestehoje.com.br\/novoportal\/wp-json\/wp\/v2\/posts\/63888\/revisions"}],"predecessor-version":[{"id":63893,"href":"https:\/\/www.sudoestehoje.com.br\/novoportal\/wp-json\/wp\/v2\/posts\/63888\/revisions\/63893"}],"wp:attachment":[{"href":"https:\/\/www.sudoestehoje.com.br\/novoportal\/wp-json\/wp\/v2\/media?parent=63888"}],"wp:term":[{"taxonomy":"category","embeddable":true,"href":"https:\/\/www.sudoestehoje.com.br\/novoportal\/wp-json\/wp\/v2\/categories?post=63888"},{"taxonomy":"post_tag","embeddable":true,"href":"https:\/\/www.sudoestehoje.com.br\/novoportal\/wp-json\/wp\/v2\/tags?post=63888"}],"curies":[{"name":"wp","href":"https:\/\/api.w.org\/{rel}","templated":true}]}}