
{"id":63886,"date":"2017-02-10T07:39:38","date_gmt":"2017-02-10T10:39:38","guid":{"rendered":"http:\/\/www.sudoestehoje.com.br\/novoportal\/?p=63886"},"modified":"2017-02-10T07:39:38","modified_gmt":"2017-02-10T10:39:38","slug":"aviao-que-levava-aecio-neves-a-sao-paulo-faz-pouso-forcado-em-guarulhos","status":"publish","type":"post","link":"https:\/\/www.sudoestehoje.com.br\/novoportal\/2017\/02\/10\/aviao-que-levava-aecio-neves-a-sao-paulo-faz-pouso-forcado-em-guarulhos\/","title":{"rendered":"AVI\u00c3O QUE LEVAVA A\u00c9CIO NEVES A S\u00c3O PAULO FAZ POUSO FOR\u00c7ADO EM GUARULHOS"},"content":{"rendered":"<div class=\"mc-column content-text active-extra-styles active-capital-letter\" data-block-type=\"unstyled\" data-block-weight=\"28\">\n<p><img loading=\"lazy\" decoding=\"async\" class=\"\" src=\"https:\/\/conteudo.imguol.com.br\/c\/noticias\/45\/2017\/02\/10\/aeronave-que-estaria-com-aecio-e-teria-saido-da-pista-segundo-imagem-divulgada-na-redes-sociais-1486700172218_615x300.jpg\" alt=\"Imagem com a aeronave em que estaria A\u00e9cio, fora da pista, e que circula na internet\" width=\"500\" height=\"244\" \/><\/p>\n<p>Um avi\u00e3o em que estava o senador A\u00e9cio Neves (PSDB) precisou fazer um pouso de emerg\u00eancia no aeroporto internacional de Guarulhos na noite desta quinta-feira (9), informou sua assessoria de imprensa.<\/p>\n<p>J\u00e1 era noite quando a aeronave, um t\u00e1xi a\u00e9reo fretado pelo\u00a0PSDB,\u00a0saiu de Bras\u00edlia com destino a\u00a0S\u00e3o Paulo. Os pilotos, percebendo que um peda\u00e7o do pneu havia ficado na pista, teriam solicitado autoriza\u00e7\u00e3o para pousar em Cumbica, ao\u00a0inv\u00e9s de Congonhas, por ter uma pista maior. Ao aterrissar, no entanto, o trem de pouso\u00a0teria\u00a0se quebrado, vindo o avi\u00e3o a sair\u00a0da pista.<\/p>\n<p>Apenas\u00a0A\u00e9cio e a tripula\u00e7\u00e3o estavam a bordo. Segundo\u00a0a assessoria,\u00a0nem ele nem os\u00a0pilotos se feriram.<\/p>\n<p>O senador veio para S\u00e3o Paulo porque tem\u00a0reuni\u00e3o agendada com o ex-presidente Fernando Henrique Cardoso na manh\u00e3 desta sexta (10). Apesar do incidente, o encontro foi mantido.<\/p>\n<\/div>\n","protected":false},"excerpt":{"rendered":"<p>Um avi\u00e3o em que estava o senador A\u00e9cio Neves (PSDB) precisou fazer um pouso de emerg\u00eancia no aeroporto internacional de Guarulhos na noite desta quinta-feira (9), informou sua assessoria de imprensa. J\u00e1 era noite quando a aeronave, um t\u00e1xi a\u00e9reo fretado pelo\u00a0PSDB,\u00a0saiu de Bras\u00edlia com destino a\u00a0S\u00e3o Paulo. Os pilotos, percebendo que um peda\u00e7o do [&hellip;]<\/p>\n","protected":false},"author":2,"featured_media":0,"comment_status":"open","ping_status":"open","sticky":false,"template":"","format":"standard","meta":{"footnotes":"","_links_to":"","_links_to_target":""},"categories":[1],"tags":[],"class_list":["post-63886","post","type-post","status-publish","format-standard","hentry","category-geral"],"views":1258,"_links":{"self":[{"href":"https:\/\/www.sudoestehoje.com.br\/novoportal\/wp-json\/wp\/v2\/posts\/63886","targetHints":{"allow":["GET"]}}],"collection":[{"href":"https:\/\/www.sudoestehoje.com.br\/novoportal\/wp-json\/wp\/v2\/posts"}],"about":[{"href":"https:\/\/www.sudoestehoje.com.br\/novoportal\/wp-json\/wp\/v2\/types\/post"}],"author":[{"embeddable":true,"href":"https:\/\/www.sudoestehoje.com.br\/novoportal\/wp-json\/wp\/v2\/users\/2"}],"replies":[{"embeddable":true,"href":"https:\/\/www.sudoestehoje.com.br\/novoportal\/wp-json\/wp\/v2\/comments?post=63886"}],"version-history":[{"count":1,"href":"https:\/\/www.sudoestehoje.com.br\/novoportal\/wp-json\/wp\/v2\/posts\/63886\/revisions"}],"predecessor-version":[{"id":63887,"href":"https:\/\/www.sudoestehoje.com.br\/novoportal\/wp-json\/wp\/v2\/posts\/63886\/revisions\/63887"}],"wp:attachment":[{"href":"https:\/\/www.sudoestehoje.com.br\/novoportal\/wp-json\/wp\/v2\/media?parent=63886"}],"wp:term":[{"taxonomy":"category","embeddable":true,"href":"https:\/\/www.sudoestehoje.com.br\/novoportal\/wp-json\/wp\/v2\/categories?post=63886"},{"taxonomy":"post_tag","embeddable":true,"href":"https:\/\/www.sudoestehoje.com.br\/novoportal\/wp-json\/wp\/v2\/tags?post=63886"}],"curies":[{"name":"wp","href":"https:\/\/api.w.org\/{rel}","templated":true}]}}