
{"id":63846,"date":"2017-02-08T20:14:33","date_gmt":"2017-02-08T23:14:33","guid":{"rendered":"http:\/\/www.sudoestehoje.com.br\/novoportal\/?p=63846"},"modified":"2017-02-09T18:18:00","modified_gmt":"2017-02-09T21:18:00","slug":"administracao-de-bandeiro-em-sintonia-com-rodrigo-hagge-trabalham-a-todo-vapor","status":"publish","type":"post","link":"https:\/\/www.sudoestehoje.com.br\/novoportal\/2017\/02\/08\/administracao-de-bandeiro-em-sintonia-com-rodrigo-hagge-trabalham-a-todo-vapor\/","title":{"rendered":"ADMINISTRA\u00c7\u00c3O DE BANDEIRA EM SINTONIA COM RODRIGO HAGGE TRABALHAM A TODO VAPOR"},"content":{"rendered":"<p><img loading=\"lazy\" decoding=\"async\" class=\"\" src=\"http:\/\/www.itororonoar.com.br\/wp-content\/uploads\/2017\/02\/BANDEIRA-600x525.jpg\" alt=\"BANDEIRA\" width=\"499\" height=\"437\" \/><\/p>\n<p>Neste exato momento, ocorre uma a\u00e7\u00e3o administrativa integrada traduzida em obras que alavanca o pensamento do que est\u00e1 sendo uma gest\u00e3o dentro dos padr\u00f5es normais. Ant\u00f4nio do Hospital, o novo administrador do Bandeira, em plena harmonia com o prefeito Rodrigo Hagge, sentindo de perto as car\u00eancias do distrito, n\u00e3o mediu esfor\u00e7os para solicitar ao executivo que fizesse os reparos necess\u00e1rios para de sua comunidade.<\/p>\n<p>Para tanto, o pronto atendimento foi atendido, e os problemas de ilumina\u00e7\u00e3o p\u00fablica juntamente com o Carro Pipa abastecendo a popula\u00e7\u00e3o do Bandeira do Col\u00f4nia que sofre com a falta de \u00e1gua, j\u00e1 deram conta de sentir os efeitos da nova administra\u00e7\u00e3o no sentido de aliviar as dores sofridas pela comunidade.<\/p>\n<p>O novo administrador e os moradores do Bandeiras est\u00e3o satisfeitos com a forma inicial com que o prefeito est\u00e1 tratando o distrito.<\/p>\n<p><strong><em>Por Milton Marinho &#8211; Itoror\u00f3 no Ar<\/em><\/strong><\/p>\n<p><img loading=\"lazy\" decoding=\"async\" class=\"\" src=\"https:\/\/scontent-grt2-1.xx.fbcdn.net\/v\/t1.0-9\/988961_814281815295562_3089849858030171463_n.png?oh=600ee11efcb809c980bafe0cfea0f0b3&amp;oe=5939972F\" alt=\"A imagem pode conter: uma ou mais pessoas\" width=\"499\" height=\"185\" \/><\/p>\n","protected":false},"excerpt":{"rendered":"<p>Neste exato momento, ocorre uma a\u00e7\u00e3o administrativa integrada traduzida em obras que alavanca o pensamento do que est\u00e1 sendo uma gest\u00e3o dentro dos padr\u00f5es normais. Ant\u00f4nio do Hospital, o novo administrador do Bandeira, em plena harmonia com o prefeito Rodrigo Hagge, sentindo de perto as car\u00eancias do distrito, n\u00e3o mediu esfor\u00e7os para solicitar ao executivo [&hellip;]<\/p>\n","protected":false},"author":2,"featured_media":0,"comment_status":"open","ping_status":"open","sticky":false,"template":"","format":"standard","meta":{"footnotes":"","_links_to":"","_links_to_target":""},"categories":[1],"tags":[],"class_list":["post-63846","post","type-post","status-publish","format-standard","hentry","category-geral"],"views":1546,"_links":{"self":[{"href":"https:\/\/www.sudoestehoje.com.br\/novoportal\/wp-json\/wp\/v2\/posts\/63846","targetHints":{"allow":["GET"]}}],"collection":[{"href":"https:\/\/www.sudoestehoje.com.br\/novoportal\/wp-json\/wp\/v2\/posts"}],"about":[{"href":"https:\/\/www.sudoestehoje.com.br\/novoportal\/wp-json\/wp\/v2\/types\/post"}],"author":[{"embeddable":true,"href":"https:\/\/www.sudoestehoje.com.br\/novoportal\/wp-json\/wp\/v2\/users\/2"}],"replies":[{"embeddable":true,"href":"https:\/\/www.sudoestehoje.com.br\/novoportal\/wp-json\/wp\/v2\/comments?post=63846"}],"version-history":[{"count":5,"href":"https:\/\/www.sudoestehoje.com.br\/novoportal\/wp-json\/wp\/v2\/posts\/63846\/revisions"}],"predecessor-version":[{"id":63877,"href":"https:\/\/www.sudoestehoje.com.br\/novoportal\/wp-json\/wp\/v2\/posts\/63846\/revisions\/63877"}],"wp:attachment":[{"href":"https:\/\/www.sudoestehoje.com.br\/novoportal\/wp-json\/wp\/v2\/media?parent=63846"}],"wp:term":[{"taxonomy":"category","embeddable":true,"href":"https:\/\/www.sudoestehoje.com.br\/novoportal\/wp-json\/wp\/v2\/categories?post=63846"},{"taxonomy":"post_tag","embeddable":true,"href":"https:\/\/www.sudoestehoje.com.br\/novoportal\/wp-json\/wp\/v2\/tags?post=63846"}],"curies":[{"name":"wp","href":"https:\/\/api.w.org\/{rel}","templated":true}]}}