
{"id":63836,"date":"2017-02-07T20:46:00","date_gmt":"2017-02-07T23:46:00","guid":{"rendered":"http:\/\/www.sudoestehoje.com.br\/novoportal\/?p=63836"},"modified":"2017-02-10T00:19:15","modified_gmt":"2017-02-10T03:19:15","slug":"crise-hidrica-estiagem-prolongada-e-captacoes-ilegais-secam-o-rio-catolezinho","status":"publish","type":"post","link":"https:\/\/www.sudoestehoje.com.br\/novoportal\/2017\/02\/07\/crise-hidrica-estiagem-prolongada-e-captacoes-ilegais-secam-o-rio-catolezinho\/","title":{"rendered":"ITAPETINGA: ESTIAGEM PROLONGADA E CAPTA\u00c7\u00d5ES ILEGAIS SECAM O RIO CATOL\u00c9ZINHO"},"content":{"rendered":"<p><img loading=\"lazy\" decoding=\"async\" class=\"\" src=\"https:\/\/scontent-gru2-1.xx.fbcdn.net\/v\/t1.0-9\/16649373_1274133179344747_863226925557048687_n.jpg?oh=5f02ccf1f43a51e2d4499d1f0b17c0b3&amp;oe=593A6201\" alt=\"A imagem pode conter: atividades ao ar livre e natureza\" width=\"500\" height=\"301\" \/><\/p>\n<p>Reconhecido como o principal afluente do Rio Catol\u00e9, no M\u00e9dio Sudoeste do Estado, o Rio Catol\u00e9zinho secou totalmente e pode levar Itapetinga, a maior cidade da regi\u00e3o, a uma crise h\u00eddrica sem precedentes, com a colabora\u00e7\u00e3o irrespons\u00e1vel de produtores rurais da regi\u00e3o, que captam ilegalmente as \u00e1guas desses dois mananciais, para fins comerciais.<\/p>\n<p><img loading=\"lazy\" decoding=\"async\" class=\"\" src=\"https:\/\/scontent-gru2-1.xx.fbcdn.net\/v\/t1.0-9\/16507945_1274133692678029_6908694430910829745_n.jpg?oh=13f846e7fc5faefc0b949bd0b9abc542&amp;oe=593A0FFD\" alt=\"A imagem pode conter: \u00e1rvore, grama, planta, c\u00e9u, atividades ao ar livre e natureza\" width=\"500\" height=\"301\" \/><\/p>\n<p>Como se n\u00e3o bastasse a seca que j\u00e1 se prolonga por seis anos, os principais rios da regi\u00e3o, o Catol\u00e9 Grande e o Catol\u00e9zinho v\u00eam sendo alvo de capta\u00e7\u00f5es clandestina por parte de fazendeiros, que desenvolvem em suas margens projetos de agricultura irrigada que sugam o que restou das \u00e1guas desses rios, comprometendo o abastecimento da cidade e at\u00e9 das fazendas de pecu\u00e1ria, onde o gado n\u00e3o tem mais o que beber.<\/p>\n<p><img loading=\"lazy\" decoding=\"async\" class=\"\" src=\"https:\/\/scontent-gru2-1.xx.fbcdn.net\/v\/t1.0-9\/16708278_1274133752678023_6220768075518880516_n.jpg?oh=cf80240e76c9a349cabd5aac4d37aadd&amp;oe=59485CE2\" alt=\"A imagem pode conter: planta, \u00e1rvore, c\u00e9u, grama, atividades ao ar livre, natureza e \u00e1gua\" width=\"500\" height=\"301\" \/><\/p>\n<p>Numa r\u00e1pida inspe\u00e7\u00e3o realizada nesta ter\u00e7a, t\u00e9cnicos do SAAE de Itapetinga detectaram diversas capta\u00e7\u00f5es de \u00e1gua clandestinas e barragens improvisadas, com bombas instaladas para irrigar planta\u00e7\u00f5es de milho e capineiras, o que agravou ainda mais a situa\u00e7\u00e3o do Rio Catol\u00e9zinho, secando totalmente o seu leito.<\/p>\n<p><img loading=\"lazy\" decoding=\"async\" class=\"\" src=\"https:\/\/scontent-gru2-1.xx.fbcdn.net\/v\/t1.0-9\/16508922_1274133519344713_7515420525519767417_n.jpg?oh=9e10f9ad9635e4ad99766ad365960784&amp;oe=59454421\" alt=\"A imagem pode conter: c\u00e9u, montanha, nuvem, grama, atividades ao ar livre e natureza\" width=\"500\" height=\"301\" \/><\/p>\n<p>Sem o m\u00ednimo de consci\u00eancia, esses propriet\u00e1rios rurais, alguns deles conhecidos comerciantes locais, est\u00e3o contribuindo negativamente para agravar ainda mais o abastecimento da cidade, que pode entrar em colapso a qualquer momento.<\/p>\n<p><img loading=\"lazy\" decoding=\"async\" class=\"\" src=\"https:\/\/scontent-gru2-1.xx.fbcdn.net\/v\/t1.0-9\/16640733_1274133849344680_867691082336474542_n.jpg?oh=1c7e9675136365bf586a9f74592d5335&amp;oe=593EBB80\" alt=\"A imagem pode conter: planta, c\u00e9u, atividades ao ar livre e natureza\" width=\"500\" height=\"448\" \/><\/p>\n<p>Alguma coisa precisa ser feita com urg\u00eancia pelas nossas autoridades, antes que o Catol\u00e9 seque totalmente. E olha que uma barragem na cabeceiro do Catol\u00e9 j\u00e1 est\u00e1 sendo anunciada pelo Governo do Estado, para abastecer Vit\u00f3ria da Conquista, cuja crise h\u00eddrica \u00e9 bem maior que a de Itapetinga.<\/p>\n<p>Vai sobrar o que para Itapetinga?<\/p>\n<p><strong><em>Por Davi Ferraz\u00a0<\/em><\/strong><\/p>\n","protected":false},"excerpt":{"rendered":"<p>Reconhecido como o principal afluente do Rio Catol\u00e9, no M\u00e9dio Sudoeste do Estado, o Rio Catol\u00e9zinho secou totalmente e pode levar Itapetinga, a maior cidade da regi\u00e3o, a uma crise h\u00eddrica sem precedentes, com a colabora\u00e7\u00e3o irrespons\u00e1vel de produtores rurais da regi\u00e3o, que captam ilegalmente as \u00e1guas desses dois mananciais, para fins comerciais. Como se [&hellip;]<\/p>\n","protected":false},"author":2,"featured_media":0,"comment_status":"open","ping_status":"open","sticky":false,"template":"","format":"standard","meta":{"footnotes":"","_links_to":"","_links_to_target":""},"categories":[1],"tags":[],"class_list":["post-63836","post","type-post","status-publish","format-standard","hentry","category-geral"],"views":5533,"_links":{"self":[{"href":"https:\/\/www.sudoestehoje.com.br\/novoportal\/wp-json\/wp\/v2\/posts\/63836","targetHints":{"allow":["GET"]}}],"collection":[{"href":"https:\/\/www.sudoestehoje.com.br\/novoportal\/wp-json\/wp\/v2\/posts"}],"about":[{"href":"https:\/\/www.sudoestehoje.com.br\/novoportal\/wp-json\/wp\/v2\/types\/post"}],"author":[{"embeddable":true,"href":"https:\/\/www.sudoestehoje.com.br\/novoportal\/wp-json\/wp\/v2\/users\/2"}],"replies":[{"embeddable":true,"href":"https:\/\/www.sudoestehoje.com.br\/novoportal\/wp-json\/wp\/v2\/comments?post=63836"}],"version-history":[{"count":4,"href":"https:\/\/www.sudoestehoje.com.br\/novoportal\/wp-json\/wp\/v2\/posts\/63836\/revisions"}],"predecessor-version":[{"id":63885,"href":"https:\/\/www.sudoestehoje.com.br\/novoportal\/wp-json\/wp\/v2\/posts\/63836\/revisions\/63885"}],"wp:attachment":[{"href":"https:\/\/www.sudoestehoje.com.br\/novoportal\/wp-json\/wp\/v2\/media?parent=63836"}],"wp:term":[{"taxonomy":"category","embeddable":true,"href":"https:\/\/www.sudoestehoje.com.br\/novoportal\/wp-json\/wp\/v2\/categories?post=63836"},{"taxonomy":"post_tag","embeddable":true,"href":"https:\/\/www.sudoestehoje.com.br\/novoportal\/wp-json\/wp\/v2\/tags?post=63836"}],"curies":[{"name":"wp","href":"https:\/\/api.w.org\/{rel}","templated":true}]}}