
{"id":63834,"date":"2017-02-07T19:49:58","date_gmt":"2017-02-07T22:49:58","guid":{"rendered":"http:\/\/www.sudoestehoje.com.br\/novoportal\/?p=63834"},"modified":"2017-02-07T21:41:00","modified_gmt":"2017-02-08T00:41:00","slug":"itapetinga-vereadores-buscam-informacoes-sobre-falta-de-agua-em-bandeira-do-colonia","status":"publish","type":"post","link":"https:\/\/www.sudoestehoje.com.br\/novoportal\/2017\/02\/07\/itapetinga-vereadores-buscam-informacoes-sobre-falta-de-agua-em-bandeira-do-colonia\/","title":{"rendered":"ITAPETINGA: VEREADORES BUSCAM INFORMA\u00c7\u00d5ES SOBRE FALTA DE \u00c1GUA EM BANDEIRA DO COL\u00d4NIA"},"content":{"rendered":"<p><img loading=\"lazy\" decoding=\"async\" class=\"\" src=\"http:\/\/www.itapetinga.ba.leg.br\/institucional\/noticias\/vereadores-buscam-informacoes-sobre-a-falta-de-agua-no-distrito-de-bandeira-do-colonia\/image\" alt=\"Vereadores buscam informa\u00e7\u00f5es sobre a falta de \u00e1gua no distrito de Bandeira do Col\u00f4nia \" width=\"501\" height=\"282\" \/><\/p>\n<p>Para buscar informa\u00e7\u00f5es a respeito da falta de \u00e1gua no distrito de Bandeira do Col\u00f4nia, um grupo de vereadores de Itapetinga-BA participou hoje (7) de uma reuni\u00e3o com o diretor do Servi\u00e7o de \u00c1gua e Esgoto (SAAE) de Itoror\u00f3, Virginio Figueiredo, visto que o munic\u00edpio vizinho administra o abastecimento do distrito. O presidente da C\u00e2mara Municipal de Itapetinga, Eliomar Barreira\/Tarug\u00e3o (PMDB), M\u00e1rcio Piu (PSC), Gilmar Piritiba (PSD) e Alberto Policial (PP) tamb\u00e9m visitaram a esta\u00e7\u00e3o de capta\u00e7\u00e3o de \u00e1gua.<\/p>\n<p><img loading=\"lazy\" decoding=\"async\" class=\"\" src=\"https:\/\/scontent-grt2-1.xx.fbcdn.net\/v\/t1.0-9\/16473081_1824731167799275_706914716767655956_n.jpg?oh=6967165848871f1ca678264377983d91&amp;oe=5900DD70\" alt=\"A imagem pode conter: 6 pessoas, pessoas em p\u00e9 e barba\" width=\"501\" height=\"282\" \/><\/p>\n<p>A popula\u00e7\u00e3o de Itoror\u00f3 e Bandeira vem sofrendo com problemas no fornecimento de \u00e1gua desde o in\u00edcio deste ano, quando foi iniciado o racionamento. Edilene de Fran\u00e7a, moradora de Bandeira do Col\u00f4nia, estava sem \u00e1gua havia tr\u00eas dias. <i>\u201cCaiu \u00e1gua ontem por volta da meia-noite, e hoje a gente amanheceu sem \u00e1gua de novo. Roupas sem lavar, pratos sem lavar, a gente est\u00e1 comprando \u00e1gua para fazer comida\u201d<\/i>, contou. Segundo o administrador do distrito, Ant\u00f4nio Luz, alguns pontos de Itoror\u00f3 chegaram a ficar 15 dias sem \u00e1gua. Ele avaliou que a situa\u00e7\u00e3o no Bandeira tamb\u00e9m \u00e9 preocupante e requer uma a\u00e7\u00e3o imediata.<\/p>\n<p><img loading=\"lazy\" decoding=\"async\" class=\"\" src=\"http:\/\/www.itapetinga.ba.leg.br\/institucional\/fotos\/WhatsAppImage20170207at15.35.53.jpeg\" alt=\"Vereadores observam Rio Col\u00f4nia\" width=\"501\" height=\"282\" \/><\/p>\n<p>O diretor do SAAE de Itoror\u00f3 explicou que a falta de \u00e1gua \u00e9 reflexo da diminui\u00e7\u00e3o do bombeamento do rio Col\u00f4nia por causa da seca no munic\u00edpio. Conforme Virginio Figueiredo, al\u00e9m da estiagem, a situa\u00e7\u00e3o de calamidade p\u00fablica \u00e9 agravada pela a\u00e7\u00e3o humana: utiliza\u00e7\u00e3o irracional da \u00e1gua e desmatamento da mata ciliar. Ele disse que a empresa e o munic\u00edpio tomaram as medidas necess\u00e1rias para enfrentar o momento cr\u00edtico. \u00a0Pediram, inclusive, a perfura\u00e7\u00e3o de po\u00e7os \u00e0 Companhia de Engenharia H\u00eddrica e Sanaemanento da Bahia (Cerb).<\/p>\n<p><img loading=\"lazy\" decoding=\"async\" class=\"\" src=\"https:\/\/scontent-grt2-1.xx.fbcdn.net\/v\/t1.0-9\/16473191_1824731301132595_806509818862455324_n.jpg?oh=cc661a2f4535ebb341c0bd4741637368&amp;oe=5938A701\" alt=\"A imagem pode conter: 1 pessoa, em p\u00e9, atividades ao ar livre, natureza e \u00e1gua\" width=\"501\" height=\"282\" \/><\/p>\n<p>Os vereadores discutiram alternativas vi\u00e1veis para amenizar a falta de \u00e1gua no distrito do Bandeira e tentar ajudar o munic\u00edpio de Itoror\u00f3. Eles decidiram solicitar ao munic\u00edpio de Itapetinga a disponibiliza\u00e7\u00e3o de dois carros-pipa para ajudar na busca de \u00e1gua do Rio Pardo. Virginio Figueiredo esclareceu que Itoror\u00f3 conta com um carro-pipa e est\u00e1 aguardando outros quatro caminh\u00f5es que foram alugados. De acordo com o presidente da C\u00e2mara, amanh\u00e3 (8) ser\u00e1 agendada uma reuni\u00e3o com a dire\u00e7\u00e3o do SAAE de Itapetinga. \/\/ <strong><em>Ascom C\u00e2mara<\/em><\/strong><\/p>\n","protected":false},"excerpt":{"rendered":"<p>Para buscar informa\u00e7\u00f5es a respeito da falta de \u00e1gua no distrito de Bandeira do Col\u00f4nia, um grupo de vereadores de Itapetinga-BA participou hoje (7) de uma reuni\u00e3o com o diretor do Servi\u00e7o de \u00c1gua e Esgoto (SAAE) de Itoror\u00f3, Virginio Figueiredo, visto que o munic\u00edpio vizinho administra o abastecimento do distrito. O presidente da C\u00e2mara [&hellip;]<\/p>\n","protected":false},"author":2,"featured_media":0,"comment_status":"open","ping_status":"open","sticky":false,"template":"","format":"standard","meta":{"footnotes":"","_links_to":"","_links_to_target":""},"categories":[1],"tags":[],"class_list":["post-63834","post","type-post","status-publish","format-standard","hentry","category-geral"],"views":1569,"_links":{"self":[{"href":"https:\/\/www.sudoestehoje.com.br\/novoportal\/wp-json\/wp\/v2\/posts\/63834","targetHints":{"allow":["GET"]}}],"collection":[{"href":"https:\/\/www.sudoestehoje.com.br\/novoportal\/wp-json\/wp\/v2\/posts"}],"about":[{"href":"https:\/\/www.sudoestehoje.com.br\/novoportal\/wp-json\/wp\/v2\/types\/post"}],"author":[{"embeddable":true,"href":"https:\/\/www.sudoestehoje.com.br\/novoportal\/wp-json\/wp\/v2\/users\/2"}],"replies":[{"embeddable":true,"href":"https:\/\/www.sudoestehoje.com.br\/novoportal\/wp-json\/wp\/v2\/comments?post=63834"}],"version-history":[{"count":3,"href":"https:\/\/www.sudoestehoje.com.br\/novoportal\/wp-json\/wp\/v2\/posts\/63834\/revisions"}],"predecessor-version":[{"id":63840,"href":"https:\/\/www.sudoestehoje.com.br\/novoportal\/wp-json\/wp\/v2\/posts\/63834\/revisions\/63840"}],"wp:attachment":[{"href":"https:\/\/www.sudoestehoje.com.br\/novoportal\/wp-json\/wp\/v2\/media?parent=63834"}],"wp:term":[{"taxonomy":"category","embeddable":true,"href":"https:\/\/www.sudoestehoje.com.br\/novoportal\/wp-json\/wp\/v2\/categories?post=63834"},{"taxonomy":"post_tag","embeddable":true,"href":"https:\/\/www.sudoestehoje.com.br\/novoportal\/wp-json\/wp\/v2\/tags?post=63834"}],"curies":[{"name":"wp","href":"https:\/\/api.w.org\/{rel}","templated":true}]}}