
{"id":63805,"date":"2017-02-06T10:44:24","date_gmt":"2017-02-06T13:44:24","guid":{"rendered":"http:\/\/www.sudoestehoje.com.br\/novoportal\/?p=63805"},"modified":"2017-02-06T10:45:07","modified_gmt":"2017-02-06T13:45:07","slug":"violencia-chacina-em-porto-seguro-deixa-8-mortos-e-1-ferido-4-eram-filhos-de-policiais","status":"publish","type":"post","link":"https:\/\/www.sudoestehoje.com.br\/novoportal\/2017\/02\/06\/violencia-chacina-em-porto-seguro-deixa-8-mortos-e-1-ferido-4-eram-filhos-de-policiais\/","title":{"rendered":"VIOL\u00caNCIA! CHACINA EM PORTO SEGURO DEIXA 8 MORTOS E 1 FERIDO; 4 ERAM FILHOS DE POLICIAIS"},"content":{"rendered":"<p><img loading=\"lazy\" decoding=\"async\" class=\"\" src=\"http:\/\/www.jacobinanoticia.com.br\/wp-content\/uploads\/2017\/02\/8-mortos-chacina-porto-seguro-2.jpg\" width=\"499\" height=\"374\" \/><\/p>\n<p>Uma chacina foi registrada \u00e0s 22 horas deste domingo (5), no bairro Porto Alegre I, na cidade de Porto Seguro. As informa\u00e7\u00f5es confirmadas at\u00e9 agora pela pol\u00edcia d\u00e3o conta que oito pessoas morreram e v\u00e1rias pessoas ficaram feridas. L\u00e9o Gordo e outro itabunense ainda n\u00e3o identificado, e um itajuipense, est\u00e3o entre os mortos. Quase 10 homens armados, segundo populares, invadiram uma casa onde acontecia uma festa e come\u00e7aram a disparar.<\/p>\n<p>Os relatos d\u00e3o conta que a quadrilha usava armas pesadas, como fuzil e metralhadora, al\u00e9m de pistola. O grupo teria chegado em uma caminhonete modelo Ranger, cor vermelha. Os policiais que estiveram no local dizem que encontraram tr\u00eas corpos do lado de fora do im\u00f3vel e cinco na parte interna. O sobrevivente, que tamb\u00e9m estava dentro da resid\u00eancia, foi encaminhado para o Hospital Lu\u00eds Eduardo Magalh\u00e3es.<\/p>\n<p>Em um \u00e1udio que circula nas redes sociais, uma mulher come\u00e7a a relatar o ataque, quando interrompe a grava\u00e7\u00e3o repentinamente ao ouvir uma rajada de tiros. Na cena do crime, havia c\u00e1psulas de fuzil calibre 556. Os nomes dos mortos ainda n\u00e3o foram divulgados, mas, entre eles, estariam 4 filhos e um sobrinho de policiais.<\/p>\n","protected":false},"excerpt":{"rendered":"<p>Uma chacina foi registrada \u00e0s 22 horas deste domingo (5), no bairro Porto Alegre I, na cidade de Porto Seguro. As informa\u00e7\u00f5es confirmadas at\u00e9 agora pela pol\u00edcia d\u00e3o conta que oito pessoas morreram e v\u00e1rias pessoas ficaram feridas. L\u00e9o Gordo e outro itabunense ainda n\u00e3o identificado, e um itajuipense, est\u00e3o entre os mortos. Quase 10 [&hellip;]<\/p>\n","protected":false},"author":2,"featured_media":0,"comment_status":"open","ping_status":"open","sticky":false,"template":"","format":"standard","meta":{"footnotes":"","_links_to":"","_links_to_target":""},"categories":[1],"tags":[],"class_list":["post-63805","post","type-post","status-publish","format-standard","hentry","category-geral"],"views":1778,"_links":{"self":[{"href":"https:\/\/www.sudoestehoje.com.br\/novoportal\/wp-json\/wp\/v2\/posts\/63805","targetHints":{"allow":["GET"]}}],"collection":[{"href":"https:\/\/www.sudoestehoje.com.br\/novoportal\/wp-json\/wp\/v2\/posts"}],"about":[{"href":"https:\/\/www.sudoestehoje.com.br\/novoportal\/wp-json\/wp\/v2\/types\/post"}],"author":[{"embeddable":true,"href":"https:\/\/www.sudoestehoje.com.br\/novoportal\/wp-json\/wp\/v2\/users\/2"}],"replies":[{"embeddable":true,"href":"https:\/\/www.sudoestehoje.com.br\/novoportal\/wp-json\/wp\/v2\/comments?post=63805"}],"version-history":[{"count":3,"href":"https:\/\/www.sudoestehoje.com.br\/novoportal\/wp-json\/wp\/v2\/posts\/63805\/revisions"}],"predecessor-version":[{"id":63808,"href":"https:\/\/www.sudoestehoje.com.br\/novoportal\/wp-json\/wp\/v2\/posts\/63805\/revisions\/63808"}],"wp:attachment":[{"href":"https:\/\/www.sudoestehoje.com.br\/novoportal\/wp-json\/wp\/v2\/media?parent=63805"}],"wp:term":[{"taxonomy":"category","embeddable":true,"href":"https:\/\/www.sudoestehoje.com.br\/novoportal\/wp-json\/wp\/v2\/categories?post=63805"},{"taxonomy":"post_tag","embeddable":true,"href":"https:\/\/www.sudoestehoje.com.br\/novoportal\/wp-json\/wp\/v2\/tags?post=63805"}],"curies":[{"name":"wp","href":"https:\/\/api.w.org\/{rel}","templated":true}]}}