
{"id":63798,"date":"2017-02-05T21:46:50","date_gmt":"2017-02-06T00:46:50","guid":{"rendered":"http:\/\/www.sudoestehoje.com.br\/novoportal\/?p=63798"},"modified":"2017-02-05T21:46:50","modified_gmt":"2017-02-06T00:46:50","slug":"noticia-sobre-saida-de-orlando-ribeiro-da-secretaria-da-fazenda-e-mentira-cabeluda","status":"publish","type":"post","link":"https:\/\/www.sudoestehoje.com.br\/novoportal\/2017\/02\/05\/noticia-sobre-saida-de-orlando-ribeiro-da-secretaria-da-fazenda-e-mentira-cabeluda\/","title":{"rendered":"NOT\u00cdCIA SOBRE SA\u00cdDA DE ORLANDO RIBEIRO DA SECRETARIA DA FAZENDA \u00c9 MENTIRA &#8220;CABELUDA&#8221;"},"content":{"rendered":"<p><a href=\"http:\/\/www.sudoestehoje.com.br\/novoportal\/wp-content\/uploads\/2017\/02\/ORLANDO.jpg\"><img loading=\"lazy\" decoding=\"async\" class=\"wp-image-63799 alignleft\" src=\"http:\/\/www.sudoestehoje.com.br\/novoportal\/wp-content\/uploads\/2017\/02\/ORLANDO.jpg\" alt=\"ORLANDO\" width=\"300\" height=\"296\" \/><\/a><\/p>\n<p>Circulou, durante a semana passada, na imprensa rasteira e de baixo n\u00edvel de Itapetinga, uma mentira &#8216;cabeluda&#8217; dando conta de um suposto pedido de demiss\u00e3o do atual Secret\u00e1rio Municipal de Fazenda, Orlando Ribeiro, por &#8220;diverg\u00eancias e insatisfa\u00e7\u00f5es&#8221; com o governo do prefeito Rodrigo Hagge, e que o vice-prefeito Renan Pereira poderia substitu\u00ed-lo.<\/p>\n<p>De t\u00e3o estapaf\u00fardia e oriunda de fonte desqualificada e sem qualquer credibilidade, a picuinha n\u00e3o foi levada a s\u00e9rio por quase ningu\u00e9m, mas o secret\u00e1rio Orlando Ribeiro achou por bem esclarecer o fato, para evitar especula\u00e7\u00f5es.<\/p>\n<p>Em contato com o <em>Sudoeste Hoje<\/em>, Orlando esclareceu que a informa\u00e7\u00e3o da imprensa &#8216;cabeluda&#8217; \u00e9 mentirosa, e que pretende continuar \u00e0 frente da Secretaria de Fazenda do Munic\u00edpio at\u00e9 o final do governo do prefeito Rodrigo Hagge, com quem assumiu o compromisso de recuperar as finan\u00e7as municipais, vilipendiada por 8 anos pelo ex-gestor e sua fraca equipe de governo.<\/p>\n<p><em>&#8220;Desde que assumimos a prefeitura, vimos sendo assediados por alguns \u00f3rg\u00e3os de comunica\u00e7\u00e3o de baixo n\u00edvel e sem nenhum cr\u00e9dito, que t\u00eam o h\u00e1bito de &#8216;plantar dificuldade para colher facilidades&#8217;, pr\u00e1tica que abominamos. A atual administra\u00e7\u00e3o n\u00e3o vai financiar esse tipo de imprensa e as nossas parcerias, caso venham a ocorrer, ser\u00e3o direcionadas \u00e0 imprensa qualificada e de alto n\u00edvel, dentro dos limites da lei. N\u00e3o vamos comprar a opini\u00e3o de ningu\u00e9m&#8221;<\/em>, desabafou Orlando.<\/p>\n<p>Orlando Ribeiro \u00e9 pessoa de larga experi\u00eancia nas \u00e1reas p\u00fablica e privada, e goza de inteira confian\u00e7a junto ao prefeito Rodrigo Hagge, que o escolheu &#8216;a dedo&#8217;, para comandar as finan\u00e7as do munic\u00edpio. T\u00e1 prestigiado e vai continuar.<\/p>\n<p><strong><em>Por Davi Ferraz<\/em><\/strong><\/p>\n","protected":false},"excerpt":{"rendered":"<p>Circulou, durante a semana passada, na imprensa rasteira e de baixo n\u00edvel de Itapetinga, uma mentira &#8216;cabeluda&#8217; dando conta de um suposto pedido de demiss\u00e3o do atual Secret\u00e1rio Municipal de Fazenda, Orlando Ribeiro, por &#8220;diverg\u00eancias e insatisfa\u00e7\u00f5es&#8221; com o governo do prefeito Rodrigo Hagge, e que o vice-prefeito Renan Pereira poderia substitu\u00ed-lo. De t\u00e3o estapaf\u00fardia [&hellip;]<\/p>\n","protected":false},"author":2,"featured_media":63799,"comment_status":"open","ping_status":"open","sticky":false,"template":"","format":"standard","meta":{"footnotes":"","_links_to":"","_links_to_target":""},"categories":[1],"tags":[],"class_list":["post-63798","post","type-post","status-publish","format-standard","has-post-thumbnail","hentry","category-geral"],"views":2623,"_links":{"self":[{"href":"https:\/\/www.sudoestehoje.com.br\/novoportal\/wp-json\/wp\/v2\/posts\/63798","targetHints":{"allow":["GET"]}}],"collection":[{"href":"https:\/\/www.sudoestehoje.com.br\/novoportal\/wp-json\/wp\/v2\/posts"}],"about":[{"href":"https:\/\/www.sudoestehoje.com.br\/novoportal\/wp-json\/wp\/v2\/types\/post"}],"author":[{"embeddable":true,"href":"https:\/\/www.sudoestehoje.com.br\/novoportal\/wp-json\/wp\/v2\/users\/2"}],"replies":[{"embeddable":true,"href":"https:\/\/www.sudoestehoje.com.br\/novoportal\/wp-json\/wp\/v2\/comments?post=63798"}],"version-history":[{"count":3,"href":"https:\/\/www.sudoestehoje.com.br\/novoportal\/wp-json\/wp\/v2\/posts\/63798\/revisions"}],"predecessor-version":[{"id":63802,"href":"https:\/\/www.sudoestehoje.com.br\/novoportal\/wp-json\/wp\/v2\/posts\/63798\/revisions\/63802"}],"wp:featuredmedia":[{"embeddable":true,"href":"https:\/\/www.sudoestehoje.com.br\/novoportal\/wp-json\/wp\/v2\/media\/63799"}],"wp:attachment":[{"href":"https:\/\/www.sudoestehoje.com.br\/novoportal\/wp-json\/wp\/v2\/media?parent=63798"}],"wp:term":[{"taxonomy":"category","embeddable":true,"href":"https:\/\/www.sudoestehoje.com.br\/novoportal\/wp-json\/wp\/v2\/categories?post=63798"},{"taxonomy":"post_tag","embeddable":true,"href":"https:\/\/www.sudoestehoje.com.br\/novoportal\/wp-json\/wp\/v2\/tags?post=63798"}],"curies":[{"name":"wp","href":"https:\/\/api.w.org\/{rel}","templated":true}]}}