
{"id":63784,"date":"2017-02-05T19:59:19","date_gmt":"2017-02-05T22:59:19","guid":{"rendered":"http:\/\/www.sudoestehoje.com.br\/novoportal\/?p=63784"},"modified":"2017-02-05T20:03:20","modified_gmt":"2017-02-05T23:03:20","slug":"ze-elias-convenio-com-a-fundacao-jose-silveira-precisa-contemplar-novas-especialidades","status":"publish","type":"post","link":"https:\/\/www.sudoestehoje.com.br\/novoportal\/2017\/02\/05\/ze-elias-convenio-com-a-fundacao-jose-silveira-precisa-contemplar-novas-especialidades\/","title":{"rendered":"Z\u00c9 ELIAS: &#8220;CONV\u00caNIO COM A FUNDA\u00c7\u00c3O JOS\u00c9 SILVEIRA PRECISA CONTEMPLAR NOVAS ESPECIALIDADES&#8221;"},"content":{"rendered":"<p><a href=\"http:\/\/www.sudoestehoje.com.br\/novoportal\/wp-content\/uploads\/2016\/12\/jose-elias-2.jpg\"><img loading=\"lazy\" decoding=\"async\" class=\"size-full wp-image-63134 alignleft\" src=\"http:\/\/www.sudoestehoje.com.br\/novoportal\/wp-content\/uploads\/2016\/12\/jose-elias-2.jpg\" alt=\"jose-elias\" width=\"190\" height=\"193\" \/><\/a><\/p>\n<p>O governo Rodrigo herdou da gest\u00e3o Z\u00e9 Carlos, contrato entre Prefeitura e Funda\u00e7\u00e3o Jos\u00e9 Silveira. Mediante repasse de um determinado valor mensal, a Funda\u00e7\u00e3o colocaria o hospital Cristo Redentor para funcionar, resolvendo os problemas de sa\u00fade da popula\u00e7\u00e3o em algumas especialidades medicas.<\/p>\n<p>A nova administra\u00e7\u00e3o teria tr\u00eas op\u00e7\u00f5es: interromper o contrato, renovar o contrato ou reformar o contrato. A op\u00e7\u00e3o que se apresenta mais vi\u00e1vel seria a renova\u00e7\u00e3o do contrato com reformas abrangentes no quesito das especialidades oferecidas pelo hospital. Exemplo: n\u00e3o justifica regular um paciente com um bra\u00e7o fraturado, se temos profissionais m\u00e9dicos que podem resolver o problema no Cristo. O novo contrato deve contemplar o servi\u00e7o de ortopedia.<\/p>\n<p>Com a experi\u00eancia que tem a Funda\u00e7\u00e3o, deveria haver um maior comprometimento para colocar no nosso hospital alguns servi\u00e7os de alta complexidade. N\u00e3o sendo poss\u00edvel faz\u00ea-lo de imediato, poderia ser firmado conv\u00eanio para que os pacientes fossem atendidos na rede administrada pela Funda\u00e7\u00e3o.<\/p>\n<p>A rela\u00e7\u00e3o entre Prefeitura e Funda\u00e7\u00e3o deve ser amistosa e prof\u00edcua, no sentido de resolver os impasses que existem. Uma rela\u00e7\u00e3o que vise um atendimento decente e r\u00e1pido ao paciente e a amplia\u00e7\u00e3o dos servi\u00e7os e especialidades devem ser perseguidas na negocia\u00e7\u00e3o entre as partes.<\/p>\n<p>A nomea\u00e7\u00e3o de Liege Bonfim para a Secretaria de Sa\u00fade foi uma sinaliza\u00e7\u00e3o de que \u00e9 poss\u00edvel aliar conhecimento t\u00e9cnico com pol\u00edtica. Por mais tentador que seja tomar decis\u00f5es ancoradas na analise pol\u00edtica, em alguns setores da administra\u00e7\u00e3o p\u00fablica isto n\u00e3o \u00e9 conveniente. O mesmo racioc\u00ednio vale para a Funda\u00e7\u00e3o. Umbilicalmente ligada ao deputado Ant\u00f4nio Brito e coordenada na regi\u00e3o por L\u00e9o Matos, os interesses da Funda\u00e7\u00e3o Jos\u00e9 Silveira tamb\u00e9m devem convergir para oferecer aos mun\u00edcipes um atendimento da melhor qualidade poss\u00edvel.<\/p>\n<p>Realizado um novo acordo entre Prefeitura &#8211; com mais diversidade de servi\u00e7os e qualidade, e Funda\u00e7\u00e3o &#8211; com remunera\u00e7\u00e3o justa pela presta\u00e7\u00e3o dos servi\u00e7os, quem ganha \u00e9 a popula\u00e7\u00e3o.<\/p>\n<p>PS: Agradecemos as manifesta\u00e7\u00f5es de apre\u00e7o no per\u00edodo de f\u00e9rias.<\/p>\n<p><strong><em>Por Jos\u00e9 Elias Ribeiro<\/em><\/strong><\/p>\n<p><img decoding=\"async\" src=\"http:\/\/www.sudoestehoje.com.br\/novoportal\/wp-content\/uploads\/2015\/10\/SERVLAR-BANNER-500x178.jpg\" alt=\"Resultado de imagem para servlar itapetinga\" \/><\/p>\n","protected":false},"excerpt":{"rendered":"<p>O governo Rodrigo herdou da gest\u00e3o Z\u00e9 Carlos, contrato entre Prefeitura e Funda\u00e7\u00e3o Jos\u00e9 Silveira. Mediante repasse de um determinado valor mensal, a Funda\u00e7\u00e3o colocaria o hospital Cristo Redentor para funcionar, resolvendo os problemas de sa\u00fade da popula\u00e7\u00e3o em algumas especialidades medicas. A nova administra\u00e7\u00e3o teria tr\u00eas op\u00e7\u00f5es: interromper o contrato, renovar o contrato ou [&hellip;]<\/p>\n","protected":false},"author":2,"featured_media":63134,"comment_status":"open","ping_status":"open","sticky":false,"template":"","format":"standard","meta":{"footnotes":"","_links_to":"","_links_to_target":""},"categories":[1],"tags":[],"class_list":["post-63784","post","type-post","status-publish","format-standard","has-post-thumbnail","hentry","category-geral"],"views":1376,"_links":{"self":[{"href":"https:\/\/www.sudoestehoje.com.br\/novoportal\/wp-json\/wp\/v2\/posts\/63784","targetHints":{"allow":["GET"]}}],"collection":[{"href":"https:\/\/www.sudoestehoje.com.br\/novoportal\/wp-json\/wp\/v2\/posts"}],"about":[{"href":"https:\/\/www.sudoestehoje.com.br\/novoportal\/wp-json\/wp\/v2\/types\/post"}],"author":[{"embeddable":true,"href":"https:\/\/www.sudoestehoje.com.br\/novoportal\/wp-json\/wp\/v2\/users\/2"}],"replies":[{"embeddable":true,"href":"https:\/\/www.sudoestehoje.com.br\/novoportal\/wp-json\/wp\/v2\/comments?post=63784"}],"version-history":[{"count":3,"href":"https:\/\/www.sudoestehoje.com.br\/novoportal\/wp-json\/wp\/v2\/posts\/63784\/revisions"}],"predecessor-version":[{"id":63788,"href":"https:\/\/www.sudoestehoje.com.br\/novoportal\/wp-json\/wp\/v2\/posts\/63784\/revisions\/63788"}],"wp:featuredmedia":[{"embeddable":true,"href":"https:\/\/www.sudoestehoje.com.br\/novoportal\/wp-json\/wp\/v2\/media\/63134"}],"wp:attachment":[{"href":"https:\/\/www.sudoestehoje.com.br\/novoportal\/wp-json\/wp\/v2\/media?parent=63784"}],"wp:term":[{"taxonomy":"category","embeddable":true,"href":"https:\/\/www.sudoestehoje.com.br\/novoportal\/wp-json\/wp\/v2\/categories?post=63784"},{"taxonomy":"post_tag","embeddable":true,"href":"https:\/\/www.sudoestehoje.com.br\/novoportal\/wp-json\/wp\/v2\/tags?post=63784"}],"curies":[{"name":"wp","href":"https:\/\/api.w.org\/{rel}","templated":true}]}}