
{"id":63782,"date":"2017-02-05T13:13:51","date_gmt":"2017-02-05T16:13:51","guid":{"rendered":"http:\/\/www.sudoestehoje.com.br\/novoportal\/?p=63782"},"modified":"2017-02-05T20:04:14","modified_gmt":"2017-02-05T23:04:14","slug":"administracao-municipal-recebe-frota-de-veiculos-totalmente-sucateada","status":"publish","type":"post","link":"https:\/\/www.sudoestehoje.com.br\/novoportal\/2017\/02\/05\/administracao-municipal-recebe-frota-de-veiculos-totalmente-sucateada\/","title":{"rendered":"ADMINISTRA\u00c7\u00c3O MUNICIPAL RECEBE FROTA DE VE\u00cdCULOS TOTALMENTE SUCATEADA"},"content":{"rendered":"<p><img loading=\"lazy\" decoding=\"async\" class=\"\" src=\"https:\/\/1.bp.blogspot.com\/-bb3J9lxDlVw\/WJZWQDUcP3I\/AAAAAAAAj5A\/P55K6siXe2E4YGQ1QpVAZ4Vx4aCvW4iaACLcB\/s640\/06ce6432-51bf-42e6-a3bc-5901c5bc06f0.jpg\" width=\"501\" height=\"282\" \/><\/p>\n<p>Ambul\u00e2ncias, caminh\u00f5es, m\u00e1quinas, tratores e carros de passeio sem nenhuma condi\u00e7\u00e3o de uso. Este \u00e9 o retrato da frota de ve\u00edculos oficiais da Prefeitura de Itapetinga, deixada pela administra\u00e7\u00e3o passada e que atualmente ocupa o p\u00e1tio da Secretaria Municipal de Transporte e Servi\u00e7os P\u00fablicos. \u201cO retrato do descaso com os recursos p\u00fablicos. Um desrespeito para com a popula\u00e7\u00e3o\u201d lamentou o prefeito Rodrigo Hagge, que vem buscando meios de resolver o problema.<\/p>\n<p><img loading=\"lazy\" decoding=\"async\" class=\"\" src=\"https:\/\/3.bp.blogspot.com\/-sX-i9nHKjuo\/WJZWWV8CGTI\/AAAAAAAAj5E\/J03iFR5qlYE5FbA6IzLl0vjHMDrY1cq2gCLcB\/s640\/deb3b71b-34e8-4db7-8f38-f5dae8900cc2.jpg\" width=\"501\" height=\"282\" \/><\/p>\n<div>\u201cRecebi a frota de ve\u00edculos completamente sucateada, sem manuten\u00e7\u00e3o, sem possibilidade alguma de servir aos moradores em servi\u00e7os essenciais como transportes de pacientes. O servi\u00e7o acabou prejudicado em raz\u00e3o de a frota estar nesta situa\u00e7\u00e3o prec\u00e1ria\u201d, Explicou Airton Ferraz, Secretario de Transporte, Servi\u00e7os P\u00fablicos.<\/div>\n<div><img loading=\"lazy\" decoding=\"async\" class=\"\" src=\"https:\/\/4.bp.blogspot.com\/-PqhnEjuZiZk\/WJZWfxjKRLI\/AAAAAAAAj5Q\/zG0O5RiPyjIXgBXhgHFHL4_RzcWlM1o-QCLcB\/s640\/e3b85faa-3b3c-4ac1-a8b2-113ce491d8f1.jpg\" width=\"500\" height=\"281\" \/><\/div>\n<div><\/div>\n<div>Em uma simples visita no p\u00e1tio da secretaria de Transporte, a popula\u00e7\u00e3o de Itapetinga poder\u00e1 ver de perto as p\u00e9ssimas condi\u00e7\u00f5es que se encontra a frota de carros oficiais do munic\u00edpio deixados pela gest\u00e3o passada. De acordo com o novo gestor, todas as secretarias municipais est\u00e3o elaborando relat\u00f3rios com fotos, v\u00eddeos de como foi encontrado as pastas. <span style=\"color: #0000ff;\"><em><strong>CONFIRA MAIS FOTOS:<\/strong><\/em><\/span><\/div>\n<div><img decoding=\"async\" src=\"http:\/\/www.sudoestehoje.com.br\/novoportal\/wp-content\/uploads\/2014\/09\/supermoda.png\" alt=\"supermoda\" \/><\/div>\n<p><!--more--><\/p>\n<div><img loading=\"lazy\" decoding=\"async\" class=\"\" src=\"https:\/\/4.bp.blogspot.com\/-eJfSeUtHdgo\/WJZWf78RgVI\/AAAAAAAAj5I\/DT2FPLNoeX8XkddDgDpayRrEW-quz9JYgCLcB\/s640\/7424b4c3-f0eb-4805-99b9-d42ddc9d346a.jpg\" width=\"500\" height=\"758\" \/><\/div>\n<div><img loading=\"lazy\" decoding=\"async\" class=\"\" src=\"https:\/\/1.bp.blogspot.com\/-Nfz7T9XyvoA\/WJZWf6wQWmI\/AAAAAAAAj5M\/hFjWBdfwLxgOGyRn-uGvYqBQs4G6VrR8QCLcB\/s640\/f254c350-1361-44d3-a81a-c7b51cf2fa28.jpg\" width=\"501\" height=\"693\" \/><\/div>\n<div><strong><em>Ascom Prefeitura<\/em><\/strong><\/div>\n<div><\/div>\n","protected":false},"excerpt":{"rendered":"<p>Ambul\u00e2ncias, caminh\u00f5es, m\u00e1quinas, tratores e carros de passeio sem nenhuma condi\u00e7\u00e3o de uso. Este \u00e9 o retrato da frota de ve\u00edculos oficiais da Prefeitura de Itapetinga, deixada pela administra\u00e7\u00e3o passada e que atualmente ocupa o p\u00e1tio da Secretaria Municipal de Transporte e Servi\u00e7os P\u00fablicos. \u201cO retrato do descaso com os recursos p\u00fablicos. Um desrespeito para [&hellip;]<\/p>\n","protected":false},"author":2,"featured_media":0,"comment_status":"open","ping_status":"open","sticky":false,"template":"","format":"standard","meta":{"footnotes":"","_links_to":"","_links_to_target":""},"categories":[1],"tags":[],"class_list":["post-63782","post","type-post","status-publish","format-standard","hentry","category-geral"],"views":1630,"_links":{"self":[{"href":"https:\/\/www.sudoestehoje.com.br\/novoportal\/wp-json\/wp\/v2\/posts\/63782","targetHints":{"allow":["GET"]}}],"collection":[{"href":"https:\/\/www.sudoestehoje.com.br\/novoportal\/wp-json\/wp\/v2\/posts"}],"about":[{"href":"https:\/\/www.sudoestehoje.com.br\/novoportal\/wp-json\/wp\/v2\/types\/post"}],"author":[{"embeddable":true,"href":"https:\/\/www.sudoestehoje.com.br\/novoportal\/wp-json\/wp\/v2\/users\/2"}],"replies":[{"embeddable":true,"href":"https:\/\/www.sudoestehoje.com.br\/novoportal\/wp-json\/wp\/v2\/comments?post=63782"}],"version-history":[{"count":2,"href":"https:\/\/www.sudoestehoje.com.br\/novoportal\/wp-json\/wp\/v2\/posts\/63782\/revisions"}],"predecessor-version":[{"id":63789,"href":"https:\/\/www.sudoestehoje.com.br\/novoportal\/wp-json\/wp\/v2\/posts\/63782\/revisions\/63789"}],"wp:attachment":[{"href":"https:\/\/www.sudoestehoje.com.br\/novoportal\/wp-json\/wp\/v2\/media?parent=63782"}],"wp:term":[{"taxonomy":"category","embeddable":true,"href":"https:\/\/www.sudoestehoje.com.br\/novoportal\/wp-json\/wp\/v2\/categories?post=63782"},{"taxonomy":"post_tag","embeddable":true,"href":"https:\/\/www.sudoestehoje.com.br\/novoportal\/wp-json\/wp\/v2\/tags?post=63782"}],"curies":[{"name":"wp","href":"https:\/\/api.w.org\/{rel}","templated":true}]}}