
{"id":63771,"date":"2017-02-03T21:05:05","date_gmt":"2017-02-04T00:05:05","guid":{"rendered":"http:\/\/www.sudoestehoje.com.br\/novoportal\/?p=63771"},"modified":"2017-02-03T21:05:05","modified_gmt":"2017-02-04T00:05:05","slug":"apos-4-anos-seguidos-de-prejuizo-correios-vao-reduzir-total-de-agencias","status":"publish","type":"post","link":"https:\/\/www.sudoestehoje.com.br\/novoportal\/2017\/02\/03\/apos-4-anos-seguidos-de-prejuizo-correios-vao-reduzir-total-de-agencias\/","title":{"rendered":"AP\u00d3S 4 ANOS SEGUIDOS DE PREJU\u00cdZO, CORREIOS V\u00c3O REDUZIR TOTAL DE AG\u00caNCIAS"},"content":{"rendered":"<p><img loading=\"lazy\" decoding=\"async\" class=\"\" src=\"http:\/\/www.diariodopoder.com.br\/style\/images\/images\/Itaci-Batista-AE-Agencia-Correios-ECT-Telegrafos.jpg\" width=\"500\" height=\"280\" \/><\/p>\n<p>Com quatro anos seguidos de preju\u00edzo, os Correios estudam fechar ag\u00eancias pr\u00f3prias em grandes centros urbanos de todos os Estados brasileiros. A fus\u00e3o de ag\u00eancias faz parte de um plano de economia que est\u00e1 sendo implementado pela dire\u00e7\u00e3o para tentar reverter a crise que a Empresa Brasileira dos Correios e Tel\u00e9grafos (ECT) enfrenta, mais de dez anos ap\u00f3s ser o palco inaugural do esc\u00e2ndalo do mensal\u00e3o.<\/p>\n<p>O n\u00famero ainda n\u00e3o est\u00e1 fechado, mas a estatal \u2013 que registrou em 2016 preju\u00edzo em torno de R$ 2 bilh\u00f5es, patamar semelhante ao de 2015 \u2013 vai fundir ag\u00eancias consideradas \u201csuperpostas\u201d, ou seja, muito pr\u00f3ximas.<\/p>\n<p>Atualmente, os Correios contam com 6.511 ag\u00eancias pr\u00f3prias. Respons\u00e1vel pela condu\u00e7\u00e3o do estudo de fus\u00e3o das ag\u00eancias, o vice-presidente da rede de ag\u00eancia e varejo, Cristiano Morbach, adianta que o \u201cn\u00famero vai cair bastante\u201d.<\/p>\n<p>A estrat\u00e9gia da empresa ser\u00e1 ampliar a rede de ag\u00eancias franqueadas, pouco mais de mil hoje. Campos ainda planeja criar a figura de microempreendedor postal, uma pequena empresa que assumiria os servi\u00e7os postais em localidades menores.<\/p>\n","protected":false},"excerpt":{"rendered":"<p>Com quatro anos seguidos de preju\u00edzo, os Correios estudam fechar ag\u00eancias pr\u00f3prias em grandes centros urbanos de todos os Estados brasileiros. A fus\u00e3o de ag\u00eancias faz parte de um plano de economia que est\u00e1 sendo implementado pela dire\u00e7\u00e3o para tentar reverter a crise que a Empresa Brasileira dos Correios e Tel\u00e9grafos (ECT) enfrenta, mais de [&hellip;]<\/p>\n","protected":false},"author":2,"featured_media":0,"comment_status":"open","ping_status":"open","sticky":false,"template":"","format":"standard","meta":{"footnotes":"","_links_to":"","_links_to_target":""},"categories":[1],"tags":[],"class_list":["post-63771","post","type-post","status-publish","format-standard","hentry","category-geral"],"views":1146,"_links":{"self":[{"href":"https:\/\/www.sudoestehoje.com.br\/novoportal\/wp-json\/wp\/v2\/posts\/63771","targetHints":{"allow":["GET"]}}],"collection":[{"href":"https:\/\/www.sudoestehoje.com.br\/novoportal\/wp-json\/wp\/v2\/posts"}],"about":[{"href":"https:\/\/www.sudoestehoje.com.br\/novoportal\/wp-json\/wp\/v2\/types\/post"}],"author":[{"embeddable":true,"href":"https:\/\/www.sudoestehoje.com.br\/novoportal\/wp-json\/wp\/v2\/users\/2"}],"replies":[{"embeddable":true,"href":"https:\/\/www.sudoestehoje.com.br\/novoportal\/wp-json\/wp\/v2\/comments?post=63771"}],"version-history":[{"count":1,"href":"https:\/\/www.sudoestehoje.com.br\/novoportal\/wp-json\/wp\/v2\/posts\/63771\/revisions"}],"predecessor-version":[{"id":63772,"href":"https:\/\/www.sudoestehoje.com.br\/novoportal\/wp-json\/wp\/v2\/posts\/63771\/revisions\/63772"}],"wp:attachment":[{"href":"https:\/\/www.sudoestehoje.com.br\/novoportal\/wp-json\/wp\/v2\/media?parent=63771"}],"wp:term":[{"taxonomy":"category","embeddable":true,"href":"https:\/\/www.sudoestehoje.com.br\/novoportal\/wp-json\/wp\/v2\/categories?post=63771"},{"taxonomy":"post_tag","embeddable":true,"href":"https:\/\/www.sudoestehoje.com.br\/novoportal\/wp-json\/wp\/v2\/tags?post=63771"}],"curies":[{"name":"wp","href":"https:\/\/api.w.org\/{rel}","templated":true}]}}