
{"id":63769,"date":"2017-02-03T20:26:39","date_gmt":"2017-02-03T23:26:39","guid":{"rendered":"http:\/\/www.sudoestehoje.com.br\/novoportal\/?p=63769"},"modified":"2017-02-03T20:26:39","modified_gmt":"2017-02-03T23:26:39","slug":"macarani-prefeito-miller-ferraz-acompanha-de-perto-reformas-nas-escolas","status":"publish","type":"post","link":"https:\/\/www.sudoestehoje.com.br\/novoportal\/2017\/02\/03\/macarani-prefeito-miller-ferraz-acompanha-de-perto-reformas-nas-escolas\/","title":{"rendered":"MACARANI: PREFEITO MILLER FERRAZ ACOMPANHA DE PERTO REFORMAS NAS ESCOLAS"},"content":{"rendered":"<p><img loading=\"lazy\" decoding=\"async\" class=\"\" src=\"https:\/\/scontent.fsdu6-1.fna.fbcdn.net\/v\/t1.0-9\/16426002_621846311360016_2000203908288344384_n.jpg?oh=cb2763b30d6d57802266a81d4c2468a4&amp;oe=5944D256\" alt=\"A imagem pode conter: 2 pessoas, pessoas em p\u00e9\" width=\"500\" height=\"375\" \/><\/p>\n<p>Na manh\u00e3 desta sexta-feira, o prefeito de Macarani, Miller Ferraz, acompanhou de perto o andamento das obras nas escolas municipais, que est\u00e3o sendo reformadas para receber os alunos da rede municipal neste ano letivo de 2017.<\/p>\n<p><img loading=\"lazy\" decoding=\"async\" class=\"\" src=\"https:\/\/scontent.fsdu6-1.fna.fbcdn.net\/v\/t1.0-9\/16473012_621846158026698_4347651805953469532_n.jpg?oh=bc55d9d1457a18264d4a1a8a6f75ae41&amp;oe=59473860\" alt=\"A imagem pode conter: texto\" width=\"499\" height=\"374\" \/><\/p>\n<p><em>&#8220;No in\u00edcio do ano fizemos v\u00e1rias inspe\u00e7\u00f5es nos pr\u00e9dios das escolas municipais de Macarani, e infelizmente nos deparamos com unidades escolares que estavam em situa\u00e7\u00e3o cr\u00edtica na parte de infraestrutura. Muitos pr\u00e9dios estavam com madeiramento dos telhados podres e prestes a cair a qualquer momento. Encontramos problemas de esgoto a c\u00e9u aberto, sanit\u00e1rios danificados, paredes fofa<\/em><span class=\"text_exposed_show\"><em>s e cer\u00e2micas soltas&#8221;<\/em>, desabafou o prefeito.<\/span><\/p>\n<p><img loading=\"lazy\" decoding=\"async\" class=\"\" src=\"https:\/\/scontent.fsdu6-1.fna.fbcdn.net\/v\/t1.0-9\/16472817_621846154693365_5623412874361479188_n.jpg?oh=21240d0ca0777acf912d2047f26647dc&amp;oe=59498032\" alt=\"A imagem pode conter: uma ou mais pessoas e atividades ao ar livre\" width=\"500\" height=\"375\" \/><\/p>\n<div class=\"text_exposed_show\">\n<p><em>&#8220;Come\u00e7amos as reformas e amplia\u00e7\u00f5es das unidades escolares para que as mesmas possam receber os filhos dos nossos mun\u00edcipes, com total seguran\u00e7a e dignidade. Uma boa administra\u00e7\u00e3o precisa ter o compromisso em cuidar do povo e do patrim\u00f4nio p\u00fablico, sem maquiagem&#8217;<\/em>, concluiu.<\/p>\n<p><img loading=\"lazy\" decoding=\"async\" class=\"\" src=\"https:\/\/scontent.fsdu6-1.fna.fbcdn.net\/v\/t1.0-9\/16508047_621846301360017_5510174690194054318_n.jpg?oh=68caf4f72daa750487bcd73d34bf9b3a&amp;oe=593F3F86\" alt=\"A imagem pode conter: c\u00e9u e nuvem\" width=\"500\" height=\"375\" \/><\/p>\n<p>Por causa da complexidade e grandeza das reformas que est\u00e3o sendo feitas, a aulas do ano letivo de 2017 ser\u00e3o iniciadas no dia 2 de mar\u00e7o.\u00a0O prefeito Miller Ferraz esclareceu tamb\u00e9m que nenhum aluno ou profissional da educa\u00e7\u00e3o ter\u00e1 preju\u00edzo, pois o calend\u00e1rio escolar ser\u00e1 cumprido integralmente. <b><i>\/\/ Ascom Prefeitura<\/i><\/b><\/p>\n<\/div>\n","protected":false},"excerpt":{"rendered":"<p>Na manh\u00e3 desta sexta-feira, o prefeito de Macarani, Miller Ferraz, acompanhou de perto o andamento das obras nas escolas municipais, que est\u00e3o sendo reformadas para receber os alunos da rede municipal neste ano letivo de 2017. &#8220;No in\u00edcio do ano fizemos v\u00e1rias inspe\u00e7\u00f5es nos pr\u00e9dios das escolas municipais de Macarani, e infelizmente nos deparamos com [&hellip;]<\/p>\n","protected":false},"author":2,"featured_media":0,"comment_status":"open","ping_status":"open","sticky":false,"template":"","format":"standard","meta":{"footnotes":"","_links_to":"","_links_to_target":""},"categories":[1],"tags":[],"class_list":["post-63769","post","type-post","status-publish","format-standard","hentry","category-geral"],"views":1520,"_links":{"self":[{"href":"https:\/\/www.sudoestehoje.com.br\/novoportal\/wp-json\/wp\/v2\/posts\/63769","targetHints":{"allow":["GET"]}}],"collection":[{"href":"https:\/\/www.sudoestehoje.com.br\/novoportal\/wp-json\/wp\/v2\/posts"}],"about":[{"href":"https:\/\/www.sudoestehoje.com.br\/novoportal\/wp-json\/wp\/v2\/types\/post"}],"author":[{"embeddable":true,"href":"https:\/\/www.sudoestehoje.com.br\/novoportal\/wp-json\/wp\/v2\/users\/2"}],"replies":[{"embeddable":true,"href":"https:\/\/www.sudoestehoje.com.br\/novoportal\/wp-json\/wp\/v2\/comments?post=63769"}],"version-history":[{"count":1,"href":"https:\/\/www.sudoestehoje.com.br\/novoportal\/wp-json\/wp\/v2\/posts\/63769\/revisions"}],"predecessor-version":[{"id":63770,"href":"https:\/\/www.sudoestehoje.com.br\/novoportal\/wp-json\/wp\/v2\/posts\/63769\/revisions\/63770"}],"wp:attachment":[{"href":"https:\/\/www.sudoestehoje.com.br\/novoportal\/wp-json\/wp\/v2\/media?parent=63769"}],"wp:term":[{"taxonomy":"category","embeddable":true,"href":"https:\/\/www.sudoestehoje.com.br\/novoportal\/wp-json\/wp\/v2\/categories?post=63769"},{"taxonomy":"post_tag","embeddable":true,"href":"https:\/\/www.sudoestehoje.com.br\/novoportal\/wp-json\/wp\/v2\/tags?post=63769"}],"curies":[{"name":"wp","href":"https:\/\/api.w.org\/{rel}","templated":true}]}}