
{"id":63740,"date":"2017-01-31T21:28:24","date_gmt":"2017-02-01T00:28:24","guid":{"rendered":"http:\/\/www.sudoestehoje.com.br\/novoportal\/?p=63740"},"modified":"2017-01-31T21:28:24","modified_gmt":"2017-02-01T00:28:24","slug":"bahia-marcelo-nilo-desiste-de-concorrer-ao-6o-mandato-de-presidente-da-assembleia","status":"publish","type":"post","link":"https:\/\/www.sudoestehoje.com.br\/novoportal\/2017\/01\/31\/bahia-marcelo-nilo-desiste-de-concorrer-ao-6o-mandato-de-presidente-da-assembleia\/","title":{"rendered":"BAHIA: MARCELO NILO DESISTE DE CONCORRER AO 6\u00ba MANDATO DE PRESIDENTE DA ASSEMBLEIA"},"content":{"rendered":"<p><img loading=\"lazy\" decoding=\"async\" class=\"\" src=\"http:\/\/imagem.bahianoticias.com.br\/fotos\/principal_noticias\/202313\/IMAGEM_NOTICIA_5.jpg?checksum=1485906613\" alt=\"Marcelo Nilo renuncia \u00e0 candidatura \u00e0 presid\u00eancia da AL-BA ap\u00f3s perder apoios\" width=\"501\" height=\"369\" \/><\/p>\n<p>O presidente da Assembleia Legislativa da Bahia (AL-BA), Marcelo Nilo (PSL), desistiu de concorrer pela sexta vez ao cargo. A informa\u00e7\u00e3o foi confirmada pela assessoria do parlamentar. Nilo renunciou \u00e0 candidatura ap\u00f3s o PCdoB confirmar que retiraria seu apoio, seguindo os deputados da oposi\u00e7\u00e3o e at\u00e9 de seu pr\u00f3prio partido.<\/p>\n<p>Nilo insistiu at\u00e9 o \u00faltimo momento na disputa com \u00c2ngelo Coronel (PSD), mas o social democrata conseguiu reunir mais nomes e passou a tarde desta ter\u00e7a-feira (31) em uma pesada articula\u00e7\u00e3o com seus pares.<\/p>\n<p>Nilo conseguiu manter aliados ao seu lado, mas acabou perdendo na conta feita por Coronel, que j\u00e1 tinha ao seu lado a oposi\u00e7\u00e3o (19 votos), o PSD (7), o PP (5), o PCdoB (3), al\u00e9m do apoio de dois membros do PSL e um do PTN.<\/p>\n<p>A possibilidade de ren\u00fancia foi negada pelo presidente mais cedo. Por\u00e9m, uma eventual manuten\u00e7\u00e3o de sua candidatura poderia ampliar um racha na base governista &#8211; um dos principais temores do Pal\u00e1cio de Ondina. \/\/<em>BN<\/em><\/p>\n","protected":false},"excerpt":{"rendered":"<p>O presidente da Assembleia Legislativa da Bahia (AL-BA), Marcelo Nilo (PSL), desistiu de concorrer pela sexta vez ao cargo. A informa\u00e7\u00e3o foi confirmada pela assessoria do parlamentar. Nilo renunciou \u00e0 candidatura ap\u00f3s o PCdoB confirmar que retiraria seu apoio, seguindo os deputados da oposi\u00e7\u00e3o e at\u00e9 de seu pr\u00f3prio partido. Nilo insistiu at\u00e9 o \u00faltimo [&hellip;]<\/p>\n","protected":false},"author":2,"featured_media":0,"comment_status":"open","ping_status":"open","sticky":false,"template":"","format":"standard","meta":{"footnotes":"","_links_to":"","_links_to_target":""},"categories":[1],"tags":[],"class_list":["post-63740","post","type-post","status-publish","format-standard","hentry","category-geral"],"views":1313,"_links":{"self":[{"href":"https:\/\/www.sudoestehoje.com.br\/novoportal\/wp-json\/wp\/v2\/posts\/63740","targetHints":{"allow":["GET"]}}],"collection":[{"href":"https:\/\/www.sudoestehoje.com.br\/novoportal\/wp-json\/wp\/v2\/posts"}],"about":[{"href":"https:\/\/www.sudoestehoje.com.br\/novoportal\/wp-json\/wp\/v2\/types\/post"}],"author":[{"embeddable":true,"href":"https:\/\/www.sudoestehoje.com.br\/novoportal\/wp-json\/wp\/v2\/users\/2"}],"replies":[{"embeddable":true,"href":"https:\/\/www.sudoestehoje.com.br\/novoportal\/wp-json\/wp\/v2\/comments?post=63740"}],"version-history":[{"count":2,"href":"https:\/\/www.sudoestehoje.com.br\/novoportal\/wp-json\/wp\/v2\/posts\/63740\/revisions"}],"predecessor-version":[{"id":63742,"href":"https:\/\/www.sudoestehoje.com.br\/novoportal\/wp-json\/wp\/v2\/posts\/63740\/revisions\/63742"}],"wp:attachment":[{"href":"https:\/\/www.sudoestehoje.com.br\/novoportal\/wp-json\/wp\/v2\/media?parent=63740"}],"wp:term":[{"taxonomy":"category","embeddable":true,"href":"https:\/\/www.sudoestehoje.com.br\/novoportal\/wp-json\/wp\/v2\/categories?post=63740"},{"taxonomy":"post_tag","embeddable":true,"href":"https:\/\/www.sudoestehoje.com.br\/novoportal\/wp-json\/wp\/v2\/tags?post=63740"}],"curies":[{"name":"wp","href":"https:\/\/api.w.org\/{rel}","templated":true}]}}