
{"id":63726,"date":"2017-01-30T17:05:58","date_gmt":"2017-01-30T20:05:58","guid":{"rendered":"http:\/\/www.sudoestehoje.com.br\/novoportal\/?p=63726"},"modified":"2017-01-30T19:27:06","modified_gmt":"2017-01-30T22:27:06","slug":"confira-o-resultado-do-sisu-2017","status":"publish","type":"post","link":"https:\/\/www.sudoestehoje.com.br\/novoportal\/2017\/01\/30\/confira-o-resultado-do-sisu-2017\/","title":{"rendered":"CONFIRA O RESULTADO DO SISU 2017"},"content":{"rendered":"<p><img loading=\"lazy\" decoding=\"async\" class=\"\" src=\"http:\/\/www.inscricaosisu.net\/wp-content\/uploads\/2015\/10\/sisu-2017-3.jpg\" alt=\"Resultado de imagem para resultado sisu 2017\" width=\"500\" height=\"283\" \/><\/p>\n<p>Os candidatos que se inscreveram no Sistema de Sele\u00e7\u00e3o Unificada (Sisu) j\u00e1 pode conferir o resultado no <span style=\"color: #0000ff;\"><strong><a style=\"color: #0000ff;\" href=\"http:\/\/sisu.mec.gov.br\/selecionados\">Portal<\/a><\/strong><\/span> do Minist\u00e9rio da Educa\u00e7\u00e3o.\u00a0Os candidatos aprovados devem realizar a matr\u00edcula nos dias 3, 6 e 7 de fevereiro, nas institui\u00e7\u00f5es em que estudar\u00e3o.<\/p>\n<p>Caso n\u00e3o tenha sido selecionado, o estudante tamb\u00e9m pode participar da lista de espera. Para isso, \u00e9 preciso acessar o Sisu de 30 de janeiro a 10 de fevereiro para registrar interesse na vaga. Para ter acesso ao sistema <span style=\"color: #0000ff;\"><strong><a style=\"color: #0000ff;\" href=\"http:\/\/sisualuno.mec.gov.br\/\" target=\"_blank\" rel=\"noopener nofollow\">http:\/\/sisualuno.mec.gov.br\/<\/a><\/strong><\/span>, o estudante precisa digitar o n\u00famero de inscri\u00e7\u00e3o e senha no Enem 2016. Os resultados ser\u00e3o publicados pelas pr\u00f3prias universidades, a partir do dia 16 de fevereiro.<\/p>\n<p>Ao todo, por meio do Sisu, s\u00e3o oferecidas mais de 230 mil vagas de gradua\u00e7\u00e3o em universidades, institutos de tecnologia e centros tecnol\u00f3gicos federais e estaduais em todo o Brasil. Os resultados tomam como base a nota dos candidatos no Exame Nacional do Ensino M\u00e9dio (Enem) 2016.<\/p>\n<p><img loading=\"lazy\" decoding=\"async\" class=\"\" src=\"https:\/\/scontent.fsdu7-1.fna.fbcdn.net\/v\/t1.0-9\/15977298_427365260988070_2240252365863411810_n.jpg?oh=2153484ff6b03a3264e9971e5f939f31&amp;oe=59168E8D\" alt=\"A imagem pode conter: 2 pessoas\" width=\"501\" height=\"501\" \/><\/p>\n","protected":false},"excerpt":{"rendered":"<p>Os candidatos que se inscreveram no Sistema de Sele\u00e7\u00e3o Unificada (Sisu) j\u00e1 pode conferir o resultado no Portal do Minist\u00e9rio da Educa\u00e7\u00e3o.\u00a0Os candidatos aprovados devem realizar a matr\u00edcula nos dias 3, 6 e 7 de fevereiro, nas institui\u00e7\u00f5es em que estudar\u00e3o. Caso n\u00e3o tenha sido selecionado, o estudante tamb\u00e9m pode participar da lista de espera. [&hellip;]<\/p>\n","protected":false},"author":2,"featured_media":0,"comment_status":"open","ping_status":"open","sticky":false,"template":"","format":"standard","meta":{"footnotes":"","_links_to":"","_links_to_target":""},"categories":[1],"tags":[],"class_list":["post-63726","post","type-post","status-publish","format-standard","hentry","category-geral"],"views":1320,"_links":{"self":[{"href":"https:\/\/www.sudoestehoje.com.br\/novoportal\/wp-json\/wp\/v2\/posts\/63726","targetHints":{"allow":["GET"]}}],"collection":[{"href":"https:\/\/www.sudoestehoje.com.br\/novoportal\/wp-json\/wp\/v2\/posts"}],"about":[{"href":"https:\/\/www.sudoestehoje.com.br\/novoportal\/wp-json\/wp\/v2\/types\/post"}],"author":[{"embeddable":true,"href":"https:\/\/www.sudoestehoje.com.br\/novoportal\/wp-json\/wp\/v2\/users\/2"}],"replies":[{"embeddable":true,"href":"https:\/\/www.sudoestehoje.com.br\/novoportal\/wp-json\/wp\/v2\/comments?post=63726"}],"version-history":[{"count":2,"href":"https:\/\/www.sudoestehoje.com.br\/novoportal\/wp-json\/wp\/v2\/posts\/63726\/revisions"}],"predecessor-version":[{"id":63732,"href":"https:\/\/www.sudoestehoje.com.br\/novoportal\/wp-json\/wp\/v2\/posts\/63726\/revisions\/63732"}],"wp:attachment":[{"href":"https:\/\/www.sudoestehoje.com.br\/novoportal\/wp-json\/wp\/v2\/media?parent=63726"}],"wp:term":[{"taxonomy":"category","embeddable":true,"href":"https:\/\/www.sudoestehoje.com.br\/novoportal\/wp-json\/wp\/v2\/categories?post=63726"},{"taxonomy":"post_tag","embeddable":true,"href":"https:\/\/www.sudoestehoje.com.br\/novoportal\/wp-json\/wp\/v2\/tags?post=63726"}],"curies":[{"name":"wp","href":"https:\/\/api.w.org\/{rel}","templated":true}]}}