
{"id":63722,"date":"2017-01-30T09:36:26","date_gmt":"2017-01-30T12:36:26","guid":{"rendered":"http:\/\/www.sudoestehoje.com.br\/novoportal\/?p=63722"},"modified":"2017-01-30T09:36:26","modified_gmt":"2017-01-30T12:36:26","slug":"fim-do-mundo-ministra-carmem-lucia-homologa-delacao-da-odebrecht","status":"publish","type":"post","link":"https:\/\/www.sudoestehoje.com.br\/novoportal\/2017\/01\/30\/fim-do-mundo-ministra-carmem-lucia-homologa-delacao-da-odebrecht\/","title":{"rendered":"FIM DO MUNDO! MINISTRA CARMEM L\u00daCIA HOMOLOGA DELA\u00c7\u00c3O DA ODEBRECHT"},"content":{"rendered":"<div class=\"mc-column content-text active-extra-styles active-capital-letter\" data-block-type=\"unstyled\" data-block-weight=\"42\">\n<p class=\"content-text__container theme-color-primary-first-letter\" data-track-category=\"Link no Texto\" data-track-links=\"\"><img loading=\"lazy\" decoding=\"async\" class=\"\" src=\"http:\/\/brasiliadefato.com.br\/wp-content\/uploads\/2017\/01\/carmem-boa.jpg\" alt=\"Resultado de imagem para CARMEM LUCIADELA\u00c7\u00c3O ODEBRECHT\" width=\"500\" height=\"292\" \/><\/p>\n<p class=\"content-text__container theme-color-primary-first-letter\" data-track-category=\"Link no Texto\" data-track-links=\"\">A presidente do Supremo Tribunal Federal, C\u00e1rmen L\u00facia, homologou as 77 dela\u00e7\u00f5es de executivos e ex-executivos da construtora Odebrecht. Agora, o material ser\u00e1 encaminhado para a Procuradoria-Geral da Rep\u00fablica, que vai analisar os documentos para decidir sobre quais pontos ir\u00e1 pedir investiga\u00e7\u00e3o.<\/p>\n<\/div>\n<div class=\"mc-column content-text active-extra-styles \" data-block-type=\"unstyled\" data-block-weight=\"35\">\n<p class=\"content-text__container \" data-track-category=\"Link no Texto\" data-track-links=\"\">De acordo com a assessoria de imprensa do STF, o conte\u00fado das dela\u00e7\u00f5es continua sob segredo de Justi\u00e7a. O sigilo s\u00f3 dever\u00e1 ser derrubado ap\u00f3s a abertura de investiga\u00e7\u00e3o sobre os fatos informados pelos delatores.<\/p>\n<\/div>\n<div class=\"mc-column content-text active-extra-styles \" data-block-type=\"unstyled\" data-block-weight=\"38\">\n<p class=\"content-text__container \" data-track-category=\"Link no Texto\" data-track-links=\"\">Na sexta-feira (27), ju\u00edzes auxiliares do gabinete do ministro Teori Zavascki conclu\u00edram as audi\u00eancias com os 77 executivos e ex-executivos da Odebrecht que fecharam acordo no \u00e2mbito da Opera\u00e7\u00e3o Lava Jato. A homologa\u00e7\u00e3o d\u00e1 validade jur\u00eddica \u00e0s dela\u00e7\u00f5es.<\/p>\n<p class=\"content-text__container \" data-track-category=\"Link no Texto\" data-track-links=\"\">Nos meios pol\u00edticos, a dela\u00e7\u00e3o dos 77 executivos da Odebrecht vinha sendo tratada como a &#8220;Dela\u00e7\u00e3o do Fim do Mundo&#8221;, por envolver a maioria dos pol\u00edticos brasileiros em atividade. \/\/<em>Informa\u00e7\u00f5es do G1<\/em><\/p>\n<\/div>\n","protected":false},"excerpt":{"rendered":"<p>A presidente do Supremo Tribunal Federal, C\u00e1rmen L\u00facia, homologou as 77 dela\u00e7\u00f5es de executivos e ex-executivos da construtora Odebrecht. Agora, o material ser\u00e1 encaminhado para a Procuradoria-Geral da Rep\u00fablica, que vai analisar os documentos para decidir sobre quais pontos ir\u00e1 pedir investiga\u00e7\u00e3o. De acordo com a assessoria de imprensa do STF, o conte\u00fado das dela\u00e7\u00f5es [&hellip;]<\/p>\n","protected":false},"author":2,"featured_media":0,"comment_status":"open","ping_status":"open","sticky":false,"template":"","format":"standard","meta":{"footnotes":"","_links_to":"","_links_to_target":""},"categories":[1],"tags":[],"class_list":["post-63722","post","type-post","status-publish","format-standard","hentry","category-geral"],"views":1691,"_links":{"self":[{"href":"https:\/\/www.sudoestehoje.com.br\/novoportal\/wp-json\/wp\/v2\/posts\/63722","targetHints":{"allow":["GET"]}}],"collection":[{"href":"https:\/\/www.sudoestehoje.com.br\/novoportal\/wp-json\/wp\/v2\/posts"}],"about":[{"href":"https:\/\/www.sudoestehoje.com.br\/novoportal\/wp-json\/wp\/v2\/types\/post"}],"author":[{"embeddable":true,"href":"https:\/\/www.sudoestehoje.com.br\/novoportal\/wp-json\/wp\/v2\/users\/2"}],"replies":[{"embeddable":true,"href":"https:\/\/www.sudoestehoje.com.br\/novoportal\/wp-json\/wp\/v2\/comments?post=63722"}],"version-history":[{"count":3,"href":"https:\/\/www.sudoestehoje.com.br\/novoportal\/wp-json\/wp\/v2\/posts\/63722\/revisions"}],"predecessor-version":[{"id":63725,"href":"https:\/\/www.sudoestehoje.com.br\/novoportal\/wp-json\/wp\/v2\/posts\/63722\/revisions\/63725"}],"wp:attachment":[{"href":"https:\/\/www.sudoestehoje.com.br\/novoportal\/wp-json\/wp\/v2\/media?parent=63722"}],"wp:term":[{"taxonomy":"category","embeddable":true,"href":"https:\/\/www.sudoestehoje.com.br\/novoportal\/wp-json\/wp\/v2\/categories?post=63722"},{"taxonomy":"post_tag","embeddable":true,"href":"https:\/\/www.sudoestehoje.com.br\/novoportal\/wp-json\/wp\/v2\/tags?post=63722"}],"curies":[{"name":"wp","href":"https:\/\/api.w.org\/{rel}","templated":true}]}}