
{"id":6372,"date":"2011-07-04T09:57:50","date_gmt":"2011-07-04T12:57:50","guid":{"rendered":"http:\/\/www.sudoestehoje.com.br\/novoportal\/?p=6372"},"modified":"2011-07-04T09:57:50","modified_gmt":"2011-07-04T12:57:50","slug":"35-mil-pessoas-visitaram-corpo-de-itamar-franco","status":"publish","type":"post","link":"https:\/\/www.sudoestehoje.com.br\/novoportal\/2011\/07\/04\/35-mil-pessoas-visitaram-corpo-de-itamar-franco\/","title":{"rendered":"35 MIL PESSOAS VISITARAM CORPO DE ITAMAR FRANCO"},"content":{"rendered":"<div id=\"foto-conteudo-legendado\">\n<div id=\"legenda-foto-conteudo\" style=\"text-align: center;\"><em>Foto: Ag\u00eancia Brasil<\/em><\/div>\n<\/div>\n<p style=\"text-align: center;\"><img decoding=\"async\" src=\"http:\/\/www.bahianoticias.com.br\/sites\/default\/files\/noticias\/velorio_itamar.jpg\" alt=\"Foto: Ag\u00eancia Brasil\" \/><\/p>\n<p>\u00a0<\/p>\n<p>O corpo do ex-presidente e senador Itamar Franco foi visitado por 35 mil pessoas em Juiz de Fora, em vel\u00f3rio realizado neste domingo (3). Nesta segunda (4), outra multid\u00e3o de pessoas devem visit\u00e1-lo em Belo Horizonte, onde acontecer\u00e1 um segundo vel\u00f3rio.<\/p>\n<p>O corpo ainda n\u00e3o foi transferido devido a uma forte neblina que paralisou os aeroportos mineiros. Ao chegar em BH, Itamar Franco ficar\u00e1 no Pal\u00e1cio da Liberdade, sede do governo mineiro.<\/p>\n<p>A assessoria do Pal\u00e1cio do Planalto informou na manh\u00e3 deste domingo que a presidente Dilma Rousseff ir\u00e1 a Belo Horizonte na manh\u00e3 de segunda para acompanhar o vel\u00f3rio. Segundo a assessoria, o avi\u00e3o da presidente deve partir de Bras\u00edlia por volta de 9h30. Ap\u00f3s a cerim\u00f4nia, o corpo ser\u00e1 cremado.<\/p>\n","protected":false},"excerpt":{"rendered":"<p>Foto: Ag\u00eancia Brasil \u00a0 O corpo do ex-presidente e senador Itamar Franco foi visitado por 35 mil pessoas em Juiz de Fora, em vel\u00f3rio realizado neste domingo (3). Nesta segunda (4), outra multid\u00e3o de pessoas devem visit\u00e1-lo em Belo Horizonte, onde acontecer\u00e1 um segundo vel\u00f3rio. O corpo ainda n\u00e3o foi transferido devido a uma forte [&hellip;]<\/p>\n","protected":false},"author":2,"featured_media":0,"comment_status":"open","ping_status":"open","sticky":false,"template":"","format":"standard","meta":{"footnotes":"","_links_to":"","_links_to_target":""},"categories":[1],"tags":[],"class_list":["post-6372","post","type-post","status-publish","format-standard","hentry","category-geral"],"views":1249,"_links":{"self":[{"href":"https:\/\/www.sudoestehoje.com.br\/novoportal\/wp-json\/wp\/v2\/posts\/6372","targetHints":{"allow":["GET"]}}],"collection":[{"href":"https:\/\/www.sudoestehoje.com.br\/novoportal\/wp-json\/wp\/v2\/posts"}],"about":[{"href":"https:\/\/www.sudoestehoje.com.br\/novoportal\/wp-json\/wp\/v2\/types\/post"}],"author":[{"embeddable":true,"href":"https:\/\/www.sudoestehoje.com.br\/novoportal\/wp-json\/wp\/v2\/users\/2"}],"replies":[{"embeddable":true,"href":"https:\/\/www.sudoestehoje.com.br\/novoportal\/wp-json\/wp\/v2\/comments?post=6372"}],"version-history":[{"count":3,"href":"https:\/\/www.sudoestehoje.com.br\/novoportal\/wp-json\/wp\/v2\/posts\/6372\/revisions"}],"predecessor-version":[{"id":6375,"href":"https:\/\/www.sudoestehoje.com.br\/novoportal\/wp-json\/wp\/v2\/posts\/6372\/revisions\/6375"}],"wp:attachment":[{"href":"https:\/\/www.sudoestehoje.com.br\/novoportal\/wp-json\/wp\/v2\/media?parent=6372"}],"wp:term":[{"taxonomy":"category","embeddable":true,"href":"https:\/\/www.sudoestehoje.com.br\/novoportal\/wp-json\/wp\/v2\/categories?post=6372"},{"taxonomy":"post_tag","embeddable":true,"href":"https:\/\/www.sudoestehoje.com.br\/novoportal\/wp-json\/wp\/v2\/tags?post=6372"}],"curies":[{"name":"wp","href":"https:\/\/api.w.org\/{rel}","templated":true}]}}