
{"id":63704,"date":"2017-01-28T08:29:45","date_gmt":"2017-01-28T11:29:45","guid":{"rendered":"http:\/\/www.sudoestehoje.com.br\/novoportal\/?p=63704"},"modified":"2017-01-28T08:30:15","modified_gmt":"2017-01-28T11:30:15","slug":"secretaria-eliene-portela-se-reune-com-inss-para-fortalecer-beneficios-de-idosos","status":"publish","type":"post","link":"https:\/\/www.sudoestehoje.com.br\/novoportal\/2017\/01\/28\/secretaria-eliene-portela-se-reune-com-inss-para-fortalecer-beneficios-de-idosos\/","title":{"rendered":"SECRET\u00c1RIA ELIENE PORTELA SE RE\u00daNE COM INSS PARA FORTALECER BENEF\u00cdCIOS DE IDOSOS"},"content":{"rendered":"<p><img loading=\"lazy\" decoding=\"async\" class=\"\" src=\"https:\/\/scontent.fsdu7-1.fna.fbcdn.net\/v\/t1.0-9\/16195812_1258496300908435_7410320816596140936_n.jpg?oh=fb0a82dbbe71045721229319b0c8dd0e&amp;oe=5918C0F9\" alt=\"A imagem pode conter: 5 pessoas, pessoas sentadas\" width=\"501\" height=\"282\" \/><\/p>\n<p>ITAPETINGA &#8211; O Benef\u00edcio de Presta\u00e7\u00e3o Continuada (BPC) d\u00e1 direito ao idoso, a partir dos 65 anos, e \u00e0 pessoa com defici\u00eancia, de receber 1 sal\u00e1rio m\u00ednimo mensal, conforme a LOAS.\u00a0Essa concess\u00e3o do BPC est\u00e1 atrelada no momento \u00e0 inscri\u00e7\u00e3o no Cad\u00fanico (Cadastro \u00danico), bem como haver\u00e1 futuras altera\u00e7\u00f5es na concess\u00e3o do benef\u00edcio.<\/p>\n<p>No sentido de fortalecer parcerias e informar \u00e0 equipe da Secretaria de Desenvolvimento Social sobre as novas regras, a secret\u00e1ria Eliene Portela recebeu em seu gabinete as assistentes sociais Maria Eliane Camargo e Eloete Montovanelle, al\u00e9m da T\u00e9cnica Previdenci\u00e1ria e de Seguro Social do INSS, Simone Santos Rocha, que, com imensa disposi\u00e7\u00e3o e presteza aceitaram o convite para uma reuni\u00e3o com algumas das integrantes da equipe da Secretaria: Gi\u00e9lia Mac\u00eado, Roberta Marques e Wana Freitas Santos.<\/p>\n<p>Fortalecer parcerias \u00e9 importante para garantir um servi\u00e7o de qualidade. \/\/<em>Ascom Prefeitura<\/em><\/p>\n","protected":false},"excerpt":{"rendered":"<p>ITAPETINGA &#8211; O Benef\u00edcio de Presta\u00e7\u00e3o Continuada (BPC) d\u00e1 direito ao idoso, a partir dos 65 anos, e \u00e0 pessoa com defici\u00eancia, de receber 1 sal\u00e1rio m\u00ednimo mensal, conforme a LOAS.\u00a0Essa concess\u00e3o do BPC est\u00e1 atrelada no momento \u00e0 inscri\u00e7\u00e3o no Cad\u00fanico (Cadastro \u00danico), bem como haver\u00e1 futuras altera\u00e7\u00f5es na concess\u00e3o do benef\u00edcio. No sentido [&hellip;]<\/p>\n","protected":false},"author":2,"featured_media":0,"comment_status":"open","ping_status":"open","sticky":false,"template":"","format":"standard","meta":{"footnotes":"","_links_to":"","_links_to_target":""},"categories":[1],"tags":[],"class_list":["post-63704","post","type-post","status-publish","format-standard","hentry","category-geral"],"views":1586,"_links":{"self":[{"href":"https:\/\/www.sudoestehoje.com.br\/novoportal\/wp-json\/wp\/v2\/posts\/63704","targetHints":{"allow":["GET"]}}],"collection":[{"href":"https:\/\/www.sudoestehoje.com.br\/novoportal\/wp-json\/wp\/v2\/posts"}],"about":[{"href":"https:\/\/www.sudoestehoje.com.br\/novoportal\/wp-json\/wp\/v2\/types\/post"}],"author":[{"embeddable":true,"href":"https:\/\/www.sudoestehoje.com.br\/novoportal\/wp-json\/wp\/v2\/users\/2"}],"replies":[{"embeddable":true,"href":"https:\/\/www.sudoestehoje.com.br\/novoportal\/wp-json\/wp\/v2\/comments?post=63704"}],"version-history":[{"count":2,"href":"https:\/\/www.sudoestehoje.com.br\/novoportal\/wp-json\/wp\/v2\/posts\/63704\/revisions"}],"predecessor-version":[{"id":63706,"href":"https:\/\/www.sudoestehoje.com.br\/novoportal\/wp-json\/wp\/v2\/posts\/63704\/revisions\/63706"}],"wp:attachment":[{"href":"https:\/\/www.sudoestehoje.com.br\/novoportal\/wp-json\/wp\/v2\/media?parent=63704"}],"wp:term":[{"taxonomy":"category","embeddable":true,"href":"https:\/\/www.sudoestehoje.com.br\/novoportal\/wp-json\/wp\/v2\/categories?post=63704"},{"taxonomy":"post_tag","embeddable":true,"href":"https:\/\/www.sudoestehoje.com.br\/novoportal\/wp-json\/wp\/v2\/tags?post=63704"}],"curies":[{"name":"wp","href":"https:\/\/api.w.org\/{rel}","templated":true}]}}