
{"id":63702,"date":"2017-01-28T01:32:48","date_gmt":"2017-01-28T04:32:48","guid":{"rendered":"http:\/\/www.sudoestehoje.com.br\/novoportal\/?p=63702"},"modified":"2017-01-28T01:32:48","modified_gmt":"2017-01-28T04:32:48","slug":"brasil-campanha-de-filiacao-ao-pt-vira-piada-no-facebook","status":"publish","type":"post","link":"https:\/\/www.sudoestehoje.com.br\/novoportal\/2017\/01\/28\/brasil-campanha-de-filiacao-ao-pt-vira-piada-no-facebook\/","title":{"rendered":"BRASIL: CAMPANHA DE FILIA\u00c7\u00c3O AO PT VIRA PIADA NO FACEBOOK"},"content":{"rendered":"<p><img loading=\"lazy\" decoding=\"async\" class=\"\" src=\"https:\/\/abrilveja.files.wordpress.com\/2016\/12\/brasil-lula-pronunciamento-20160915-01.jpg?quality=70&amp;strip=all&amp;w=680&amp;h=453&amp;crop=1\" alt=\"brasil-lula-pronunciamento-20160915-01\" width=\"501\" height=\"334\" \/><\/p>\n<p>O presidente nacional do Partido dos Trabalhadores (PT), Rui Falc\u00e3o, publicou nesta ter\u00e7a-feira em sua p\u00e1gina no Facebook um pedido que acabou virando piada. No post, Rui pede para que as pessoas se filiem ao partido. A frase \u201cfa\u00e7a parte da onda vermelha\u201d acabou sendo o principal alvo dos usu\u00e1rios\u00a0e, na manh\u00e3 desta sexta-feira, j\u00e1 tinha mais de 4.600 compartilhamentos, cerca de 10 280 coment\u00e1rios e 5 500 rea\u00e7\u00f5es \u2013 3 900 pessoas reagiram com o \u00edcone risada.<\/p>\n<p>A postagem motivou, na realidade, uma onda de coment\u00e1rios bem-humorados e ironias. \u201cN\u00e3o d\u00e1. Pretendo concorrer a uma vaga na PF em breve. Mas prometo que se tudo der certo estarei visitando a institui\u00e7\u00e3o\u201d, afirmou um usu\u00e1rio. Outro coment\u00e1rio\u00a0destacou a coragem do partido. \u201cParab\u00e9ns pela coragem. N\u00e3o \u00e9 todo dia que vemos post como este de \u201cVenha para o mundo do Crime\u201d rolando na internet!\u201d<\/p>\n<p>Confira os coment\u00e1rios:<\/p>\n<p><img loading=\"lazy\" decoding=\"async\" class=\"\" src=\"https:\/\/abrilveja.files.wordpress.com\/2017\/01\/print-2.png?w=489&amp;h=77\" alt=\"Usu\u00e1rios do Facebook ironizam post de Rui Falc\u00e3o\" width=\"501\" height=\"79\" \/><\/p>\n<p><img loading=\"lazy\" decoding=\"async\" class=\"\" src=\"https:\/\/abrilveja.files.wordpress.com\/2017\/01\/print-3.png?w=488&amp;h=83\" alt=\"print-3\" width=\"500\" height=\"85\" \/><\/p>\n<p><img loading=\"lazy\" decoding=\"async\" class=\"\" src=\"https:\/\/abrilveja.files.wordpress.com\/2017\/01\/print-4.png?w=492&amp;h=114\" alt=\"print-4\" width=\"501\" height=\"116\" \/><\/p>\n<p>&nbsp;<\/p>\n","protected":false},"excerpt":{"rendered":"<p>O presidente nacional do Partido dos Trabalhadores (PT), Rui Falc\u00e3o, publicou nesta ter\u00e7a-feira em sua p\u00e1gina no Facebook um pedido que acabou virando piada. No post, Rui pede para que as pessoas se filiem ao partido. A frase \u201cfa\u00e7a parte da onda vermelha\u201d acabou sendo o principal alvo dos usu\u00e1rios\u00a0e, na manh\u00e3 desta sexta-feira, j\u00e1 [&hellip;]<\/p>\n","protected":false},"author":2,"featured_media":0,"comment_status":"open","ping_status":"open","sticky":false,"template":"","format":"standard","meta":{"footnotes":"","_links_to":"","_links_to_target":""},"categories":[1],"tags":[],"class_list":["post-63702","post","type-post","status-publish","format-standard","hentry","category-geral"],"views":1944,"_links":{"self":[{"href":"https:\/\/www.sudoestehoje.com.br\/novoportal\/wp-json\/wp\/v2\/posts\/63702","targetHints":{"allow":["GET"]}}],"collection":[{"href":"https:\/\/www.sudoestehoje.com.br\/novoportal\/wp-json\/wp\/v2\/posts"}],"about":[{"href":"https:\/\/www.sudoestehoje.com.br\/novoportal\/wp-json\/wp\/v2\/types\/post"}],"author":[{"embeddable":true,"href":"https:\/\/www.sudoestehoje.com.br\/novoportal\/wp-json\/wp\/v2\/users\/2"}],"replies":[{"embeddable":true,"href":"https:\/\/www.sudoestehoje.com.br\/novoportal\/wp-json\/wp\/v2\/comments?post=63702"}],"version-history":[{"count":1,"href":"https:\/\/www.sudoestehoje.com.br\/novoportal\/wp-json\/wp\/v2\/posts\/63702\/revisions"}],"predecessor-version":[{"id":63703,"href":"https:\/\/www.sudoestehoje.com.br\/novoportal\/wp-json\/wp\/v2\/posts\/63702\/revisions\/63703"}],"wp:attachment":[{"href":"https:\/\/www.sudoestehoje.com.br\/novoportal\/wp-json\/wp\/v2\/media?parent=63702"}],"wp:term":[{"taxonomy":"category","embeddable":true,"href":"https:\/\/www.sudoestehoje.com.br\/novoportal\/wp-json\/wp\/v2\/categories?post=63702"},{"taxonomy":"post_tag","embeddable":true,"href":"https:\/\/www.sudoestehoje.com.br\/novoportal\/wp-json\/wp\/v2\/tags?post=63702"}],"curies":[{"name":"wp","href":"https:\/\/api.w.org\/{rel}","templated":true}]}}