
{"id":63693,"date":"2017-01-27T00:32:20","date_gmt":"2017-01-27T03:32:20","guid":{"rendered":"http:\/\/www.sudoestehoje.com.br\/novoportal\/?p=63693"},"modified":"2017-01-27T00:32:20","modified_gmt":"2017-01-27T03:32:20","slug":"edcucacao-matriculas-da-rede-estadual-de-ensino-seguem-ate-terca-feira","status":"publish","type":"post","link":"https:\/\/www.sudoestehoje.com.br\/novoportal\/2017\/01\/27\/edcucacao-matriculas-da-rede-estadual-de-ensino-seguem-ate-terca-feira\/","title":{"rendered":"EDCUCA\u00c7\u00c3O: MATR\u00cdCULAS DA REDE ESTADUAL DE ENSINO SEGUEM AT\u00c9 TER\u00c7A-FEIRA"},"content":{"rendered":"<p><img loading=\"lazy\" decoding=\"async\" class=\"\" src=\"http:\/\/static.blogdaresenhageral.com.br\/wp-content\/uploads\/2013\/11\/estudantes-rede-estadual-de-ensino.jpg?x43390\" alt=\"Resultado de imagem para MATRICULAS REDE ESTADUAL BAHIA\" width=\"501\" height=\"322\" \/><\/p>\n<p>At\u00e9 o dia 31 de janeiro, est\u00e3o sendo realizadas as matr\u00edculas na rede estadual de ensino. Nesta quinta (26), est\u00e3o se matriculando os concluintes dos anos finais do Ensino Fundamental (5\u00ba e 9\u00ba ano). Na sexta-feira (27), ser\u00e1 a vez dos novos estudantes do Ensino Fundamental e suas modalidades se matricularem.<\/p>\n<p>Nas segunda e ter\u00e7a-feira (30 e 31), a matr\u00edcula \u00e9 direcionada para novos alunos do Ensino M\u00e9dio e suas modalidades, devendo ser realizada presencialmente em qualquer unidade da rede estadual de ensino. O ano letivo na rede estadual come\u00e7a no dia 6 de fevereiro.<\/p>\n<p>MATR\u00cdCULA PELA INTERNET<\/p>\n<p>At\u00e9 esta quinta-feira, os alunos podem ser matriculados tamb\u00e9m pela internet, para as redes municipais das seguintes cidades: Itabuna, Nordestina, Barreiras, Barro Preto, Barrocas, Brej\u00f5es, Cama\u00e7ari, Catu, Dias D\u2019\u00c1vila, Encruzilhada, Eun\u00e1polis, Feira de Santana, Gl\u00f3ria, Gongogi, Ipir\u00e1, Itaberaba,<strong> Itapetinga<\/strong>, Lamar\u00e3o, Lu\u00eds Eduardo Magalh\u00e3es, Macajuba, Madre de Deus, Mundo Novo, Paulo Afonso, Porto Seguro, Salvador, S\u00e3o Jos\u00e9 da Vit\u00f3ria, Serrinha, Sim\u00f5es Filho e Vit\u00f3ria da Conquista.<\/p>\n","protected":false},"excerpt":{"rendered":"<p>At\u00e9 o dia 31 de janeiro, est\u00e3o sendo realizadas as matr\u00edculas na rede estadual de ensino. Nesta quinta (26), est\u00e3o se matriculando os concluintes dos anos finais do Ensino Fundamental (5\u00ba e 9\u00ba ano). Na sexta-feira (27), ser\u00e1 a vez dos novos estudantes do Ensino Fundamental e suas modalidades se matricularem. Nas segunda e ter\u00e7a-feira [&hellip;]<\/p>\n","protected":false},"author":2,"featured_media":0,"comment_status":"open","ping_status":"open","sticky":false,"template":"","format":"standard","meta":{"footnotes":"","_links_to":"","_links_to_target":""},"categories":[1],"tags":[],"class_list":["post-63693","post","type-post","status-publish","format-standard","hentry","category-geral"],"views":1235,"_links":{"self":[{"href":"https:\/\/www.sudoestehoje.com.br\/novoportal\/wp-json\/wp\/v2\/posts\/63693","targetHints":{"allow":["GET"]}}],"collection":[{"href":"https:\/\/www.sudoestehoje.com.br\/novoportal\/wp-json\/wp\/v2\/posts"}],"about":[{"href":"https:\/\/www.sudoestehoje.com.br\/novoportal\/wp-json\/wp\/v2\/types\/post"}],"author":[{"embeddable":true,"href":"https:\/\/www.sudoestehoje.com.br\/novoportal\/wp-json\/wp\/v2\/users\/2"}],"replies":[{"embeddable":true,"href":"https:\/\/www.sudoestehoje.com.br\/novoportal\/wp-json\/wp\/v2\/comments?post=63693"}],"version-history":[{"count":1,"href":"https:\/\/www.sudoestehoje.com.br\/novoportal\/wp-json\/wp\/v2\/posts\/63693\/revisions"}],"predecessor-version":[{"id":63694,"href":"https:\/\/www.sudoestehoje.com.br\/novoportal\/wp-json\/wp\/v2\/posts\/63693\/revisions\/63694"}],"wp:attachment":[{"href":"https:\/\/www.sudoestehoje.com.br\/novoportal\/wp-json\/wp\/v2\/media?parent=63693"}],"wp:term":[{"taxonomy":"category","embeddable":true,"href":"https:\/\/www.sudoestehoje.com.br\/novoportal\/wp-json\/wp\/v2\/categories?post=63693"},{"taxonomy":"post_tag","embeddable":true,"href":"https:\/\/www.sudoestehoje.com.br\/novoportal\/wp-json\/wp\/v2\/tags?post=63693"}],"curies":[{"name":"wp","href":"https:\/\/api.w.org\/{rel}","templated":true}]}}