
{"id":63628,"date":"2017-01-20T23:41:35","date_gmt":"2017-01-21T02:41:35","guid":{"rendered":"http:\/\/www.sudoestehoje.com.br\/novoportal\/?p=63628"},"modified":"2017-01-20T23:41:35","modified_gmt":"2017-01-21T02:41:35","slug":"wagner-aceita-convite-de-rui-para-ser-secretario-e-garante-foro-privilegiado","status":"publish","type":"post","link":"https:\/\/www.sudoestehoje.com.br\/novoportal\/2017\/01\/20\/wagner-aceita-convite-de-rui-para-ser-secretario-e-garante-foro-privilegiado\/","title":{"rendered":"WAGNER ACEITA CONVITE DE RUI PARA SER SECRET\u00c1RIO E GARANTE FORO PRIVILEGIADO"},"content":{"rendered":"<p><img loading=\"lazy\" decoding=\"async\" class=\"\" src=\"http:\/\/varelanoticias.com.br\/wp-content\/uploads\/2017\/01\/transmissao-de-cargo-rui-costa-jaques-wagner-ergue-diploma-governador-foto-manu-dias-govba.jpg\" alt=\"transmissao-de-cargo-rui-costa-jaques-wagner-ergue-diploma-governador-foto-manu-dias-govba\" width=\"501\" height=\"351\" \/><\/p>\n<p>Est\u00e1 decretado: o ex-ministro da Casa Civil, Jaques Wagner (PT), \u00e9 o novo secret\u00e1rio de desenvolvimento econ\u00f4mico do time do governador Rui Costa. Wagner aceitou a proposta na noite da quinta-feira (19).<\/p>\n<p>O pol\u00edtico\u00a0foi citado no depoimento dado \u00e0 for\u00e7a-tarefa da Lava Jato,\u00a0 pelo lobista da Odebrecht Claudio Melo Filho. Segundo o delator, foram pagas propinas atrav\u00e9s de rel\u00f3gios car\u00edssimos que chegaram a custar 25.000 d\u00f3lares. A dela\u00e7\u00e3o est\u00e1 ligada ao esc\u00e2ndalo da Petrobr\u00e1s.<\/p>\n<p>Com o novo posto, a investiga\u00e7\u00e3o contra Wagner que vai \u00a0ocupar o lugar de Jorge Hereda, fica impedida. O posto garante foro privilegiado.<\/p>\n","protected":false},"excerpt":{"rendered":"<p>Est\u00e1 decretado: o ex-ministro da Casa Civil, Jaques Wagner (PT), \u00e9 o novo secret\u00e1rio de desenvolvimento econ\u00f4mico do time do governador Rui Costa. Wagner aceitou a proposta na noite da quinta-feira (19). O pol\u00edtico\u00a0foi citado no depoimento dado \u00e0 for\u00e7a-tarefa da Lava Jato,\u00a0 pelo lobista da Odebrecht Claudio Melo Filho. Segundo o delator, foram pagas [&hellip;]<\/p>\n","protected":false},"author":2,"featured_media":0,"comment_status":"open","ping_status":"open","sticky":false,"template":"","format":"standard","meta":{"footnotes":"","_links_to":"","_links_to_target":""},"categories":[1],"tags":[],"class_list":["post-63628","post","type-post","status-publish","format-standard","hentry","category-geral"],"views":1359,"_links":{"self":[{"href":"https:\/\/www.sudoestehoje.com.br\/novoportal\/wp-json\/wp\/v2\/posts\/63628","targetHints":{"allow":["GET"]}}],"collection":[{"href":"https:\/\/www.sudoestehoje.com.br\/novoportal\/wp-json\/wp\/v2\/posts"}],"about":[{"href":"https:\/\/www.sudoestehoje.com.br\/novoportal\/wp-json\/wp\/v2\/types\/post"}],"author":[{"embeddable":true,"href":"https:\/\/www.sudoestehoje.com.br\/novoportal\/wp-json\/wp\/v2\/users\/2"}],"replies":[{"embeddable":true,"href":"https:\/\/www.sudoestehoje.com.br\/novoportal\/wp-json\/wp\/v2\/comments?post=63628"}],"version-history":[{"count":1,"href":"https:\/\/www.sudoestehoje.com.br\/novoportal\/wp-json\/wp\/v2\/posts\/63628\/revisions"}],"predecessor-version":[{"id":63629,"href":"https:\/\/www.sudoestehoje.com.br\/novoportal\/wp-json\/wp\/v2\/posts\/63628\/revisions\/63629"}],"wp:attachment":[{"href":"https:\/\/www.sudoestehoje.com.br\/novoportal\/wp-json\/wp\/v2\/media?parent=63628"}],"wp:term":[{"taxonomy":"category","embeddable":true,"href":"https:\/\/www.sudoestehoje.com.br\/novoportal\/wp-json\/wp\/v2\/categories?post=63628"},{"taxonomy":"post_tag","embeddable":true,"href":"https:\/\/www.sudoestehoje.com.br\/novoportal\/wp-json\/wp\/v2\/tags?post=63628"}],"curies":[{"name":"wp","href":"https:\/\/api.w.org\/{rel}","templated":true}]}}