
{"id":63615,"date":"2017-01-20T00:09:14","date_gmt":"2017-01-20T03:09:14","guid":{"rendered":"http:\/\/www.sudoestehoje.com.br\/novoportal\/?p=63615"},"modified":"2017-01-20T00:10:54","modified_gmt":"2017-01-20T03:10:54","slug":"prefeito-de-macarani-abastece-postos-e-hospital-com-novos-medicamentos","status":"publish","type":"post","link":"https:\/\/www.sudoestehoje.com.br\/novoportal\/2017\/01\/20\/prefeito-de-macarani-abastece-postos-e-hospital-com-novos-medicamentos\/","title":{"rendered":"PREFEITO DE MACARANI ABASTECE POSTOS E HOSPITAL COM NOVOS MEDICAMENTOS"},"content":{"rendered":"<p><img loading=\"lazy\" decoding=\"async\" class=\"\" src=\"https:\/\/scontent-grt2-1.xx.fbcdn.net\/v\/t1.0-9\/16113898_612799542264693_7163238867495099065_n.jpg?oh=68bb1a801120ba43fb9dd36e79bb84dc&amp;oe=59056AB6\" alt=\"A imagem pode conter: 1 pessoa\" width=\"500\" height=\"375\" \/><\/p>\n<p>Devido a defici\u00eancia encontrada em Macarani na \u00e1rea da sa\u00fade, inclusive com a falta de medicamentos b\u00e1sicos, o novo prefeito Miller Ferraz determinou a aquisi\u00e7\u00e3o de uma grande quantidade de medicamentos, para abastecer os postos de sa\u00fade do munic\u00edpio e atender as necessidades da popula\u00e7\u00e3o de todo o munic\u00edpio.<\/p>\n<p>Um caminh\u00e3o com os mais variados medicamentos j\u00e1 chegou \u00e0 cidade, abastecendo o hospital do munic\u00edpio e unidades b\u00e1sicas, al\u00e9m de formar estoque para que a popula\u00e7\u00e3o n\u00e3o fique sem o atendimento que lhe\u00a0\u00e9 devido.<\/p>\n<p><img loading=\"lazy\" decoding=\"async\" class=\"\" src=\"https:\/\/scontent-grt2-1.xx.fbcdn.net\/v\/t1.0-9\/15978069_612799185598062_2487539243712307531_n.jpg?oh=b33956fe8a421ab6533ef4f3dbdc12df&amp;oe=59217D3D\" alt=\"A imagem pode conter: \u00e1rvore e atividades ao ar livre\" width=\"500\" height=\"375\" \/><\/p>\n<p><em>\u00a0<\/em><em>\u201cNos preocupamos com a sa\u00fade dos nossos mun\u00edcipes e o nosso foco \u00e9 manter o hospital e as unidades de sa\u00fade abastecidas. Sabemos dos problemas que a sa\u00fade enfrenta, e gra\u00e7as \u00e0 Deus e a voc\u00eas, a nossa gest\u00e3o esta trabalhando para mudar esta triste realidade que Macarani se encontrava\u201d,<\/em> informou a prefeito.<\/p>\n<p><em>\u201cContamos tamb\u00e9m com apoio dos profissionais de sa\u00fade do nosso munic\u00edpio para que a popula\u00e7\u00e3o receba um servi\u00e7o cada vez mais humanizado e de qualidade. Quero agradecer a todos que de alguma forma acreditaram e nos apoiaram\u201d,<\/em> concluiu o gestor. \/\/ <a href=\"https:\/\/www.facebook.com\/hashtag\/governodeumnovotempo?source=feed_text&amp;story_id=612812288930085\">#GovernoDeUmNovoTempo<\/a><\/p>\n<p><img loading=\"lazy\" decoding=\"async\" class=\"\" src=\"https:\/\/scontent-grt2-1.xx.fbcdn.net\/v\/t1.0-9\/15941048_1293708364019569_2130772860942880080_n.jpg?oh=8b0c77b5973d7eca4176fa305bcff600&amp;oe=59144ED2\" alt=\"Nenhum texto alternativo autom\u00e1tico dispon\u00edvel.\" width=\"501\" height=\"190\" \/><\/p>\n","protected":false},"excerpt":{"rendered":"<p>Devido a defici\u00eancia encontrada em Macarani na \u00e1rea da sa\u00fade, inclusive com a falta de medicamentos b\u00e1sicos, o novo prefeito Miller Ferraz determinou a aquisi\u00e7\u00e3o de uma grande quantidade de medicamentos, para abastecer os postos de sa\u00fade do munic\u00edpio e atender as necessidades da popula\u00e7\u00e3o de todo o munic\u00edpio. Um caminh\u00e3o com os mais variados [&hellip;]<\/p>\n","protected":false},"author":2,"featured_media":0,"comment_status":"open","ping_status":"open","sticky":false,"template":"","format":"standard","meta":{"footnotes":"","_links_to":"","_links_to_target":""},"categories":[1],"tags":[],"class_list":["post-63615","post","type-post","status-publish","format-standard","hentry","category-geral"],"views":1419,"_links":{"self":[{"href":"https:\/\/www.sudoestehoje.com.br\/novoportal\/wp-json\/wp\/v2\/posts\/63615","targetHints":{"allow":["GET"]}}],"collection":[{"href":"https:\/\/www.sudoestehoje.com.br\/novoportal\/wp-json\/wp\/v2\/posts"}],"about":[{"href":"https:\/\/www.sudoestehoje.com.br\/novoportal\/wp-json\/wp\/v2\/types\/post"}],"author":[{"embeddable":true,"href":"https:\/\/www.sudoestehoje.com.br\/novoportal\/wp-json\/wp\/v2\/users\/2"}],"replies":[{"embeddable":true,"href":"https:\/\/www.sudoestehoje.com.br\/novoportal\/wp-json\/wp\/v2\/comments?post=63615"}],"version-history":[{"count":2,"href":"https:\/\/www.sudoestehoje.com.br\/novoportal\/wp-json\/wp\/v2\/posts\/63615\/revisions"}],"predecessor-version":[{"id":63622,"href":"https:\/\/www.sudoestehoje.com.br\/novoportal\/wp-json\/wp\/v2\/posts\/63615\/revisions\/63622"}],"wp:attachment":[{"href":"https:\/\/www.sudoestehoje.com.br\/novoportal\/wp-json\/wp\/v2\/media?parent=63615"}],"wp:term":[{"taxonomy":"category","embeddable":true,"href":"https:\/\/www.sudoestehoje.com.br\/novoportal\/wp-json\/wp\/v2\/categories?post=63615"},{"taxonomy":"post_tag","embeddable":true,"href":"https:\/\/www.sudoestehoje.com.br\/novoportal\/wp-json\/wp\/v2\/tags?post=63615"}],"curies":[{"name":"wp","href":"https:\/\/api.w.org\/{rel}","templated":true}]}}