
{"id":6360,"date":"2011-07-03T02:35:33","date_gmt":"2011-07-03T05:35:33","guid":{"rendered":"http:\/\/www.sudoestehoje.com.br\/novoportal\/?p=6360"},"modified":"2011-07-03T03:01:14","modified_gmt":"2011-07-03T06:01:14","slug":"itororo-irinho-fica-com-milton-marinho-se-adroaldo-contratar-ronaldo-mendes","status":"publish","type":"post","link":"https:\/\/www.sudoestehoje.com.br\/novoportal\/2011\/07\/03\/itororo-irinho-fica-com-milton-marinho-se-adroaldo-contratar-ronaldo-mendes\/","title":{"rendered":"ITOROR\u00d3: IRINHO LOCUTOR FICA COM MILTON MARINHO SE ADROALDO CONTRATAR RONALDO MENDES"},"content":{"rendered":"<p style=\"text-align: center;\"><span style=\"font-size: small; font-family: Calibri;\"><a href=\"http:\/\/www.sudoestehoje.com.br\/novoportal\/wp-content\/uploads\/2011\/07\/Locutor-itororo.jpg\"><img loading=\"lazy\" decoding=\"async\" class=\"size-medium wp-image-6369  aligncenter\" title=\"Locutor itororo\" src=\"http:\/\/www.sudoestehoje.com.br\/novoportal\/wp-content\/uploads\/2011\/07\/Locutor-itororo-500x348.jpg\" alt=\"\" width=\"500\" height=\"348\" srcset=\"https:\/\/www.sudoestehoje.com.br\/novoportal\/wp-content\/uploads\/2011\/07\/Locutor-itororo-500x348.jpg 500w, https:\/\/www.sudoestehoje.com.br\/novoportal\/wp-content\/uploads\/2011\/07\/Locutor-itororo-1024x714.jpg 1024w, https:\/\/www.sudoestehoje.com.br\/novoportal\/wp-content\/uploads\/2011\/07\/Locutor-itororo.jpg 1289w\" sizes=\"auto, (max-width: 500px) 100vw, 500px\" \/><\/a><\/span><\/p>\n<p style=\"text-align: center;\"><span style=\"font-size: small; font-family: Calibri;\"><strong><em>&#8216;Irinho locutor&#8217; n\u00e3o gostou da id\u00e9ia da contrata\u00e7\u00e3o de Ronaldo<\/em><\/strong>\u00a0<\/span><\/p>\n<p><span style=\"font-size: small; font-family: Calibri;\">ITOROR\u00d3: A disputa sucess\u00f3ria em Itoror\u00f3 esquenta a cada dia, prometendo pegar fogo com a entrada do ex-petista Milton Marinho, desafeto declarado do prefeito Adroaldo Almeida, seu antigo correligion\u00e1rio. <\/span><\/p>\n<p><span style=\"font-size: small; font-family: Calibri;\">Um eps\u00f3dio ocorrido durante esta semana, mostra a que ponto teria chegado essa disputa entre os antigos &#8216;companheiros&#8217;. Comenta-se que o\u00a0locutor\u00a0Erisvaldo de Ara\u00fajo Vieira, mais conhecido por <em>&#8216;Irinho locutor&#8217;<\/em>, participante de algumas campanhas hist\u00f3ricas do PT na Bahia, como a do governador Jaques Wagner e do ex-presidente Lula,\u00a0apresentador do com\u00edcio final do Farol da Barra, em Salvador, estaria sendo preterido pelo prefeito Adroaldo, que\u00a0pretenderia levar para o\u00a0seu governo mais um representante da direita hist\u00f3rica de Itoror\u00f3, o locutor Ronaldo Mendes.<strong> <\/strong><\/span><\/p>\n<p><span style=\"font-size: small; font-family: Calibri;\">Isto teria aumentado as\u00a0queixas de setores importantes\u00a0PT\u00a0local contra\u00a0o &#8216;socialista&#8217; Adroaldo Almeida, que estaria se afastando dos antigos companheiros,\u00a0que tanto batalharam para conduz\u00ed-lo ao poder.\u00a0Embora o locutor Ronaldo Mendes seja considerado\u00a0como uma &#8216;boa pessoa&#8217;, n\u00e3o \u00e9 bem aceito pelos petistas itororoenses, pois sempre esteve do lado oposto ao PT, apresentando\u00a0com\u00edcios e fazendo locu\u00e7\u00e3o para os\u00a0candidatos advers\u00e1rios.\u00a0<\/span><\/p>\n<p><span style=\"font-size: small; font-family: Calibri;\">Irinho, que n\u00e3o \u00e9 nenhum menino bobo,\u00a0tratou logo de dar\u00a0o troco no prefeito, com um &#8216;gancho de esquerda&#8217;,\u00a0 mandando o seguinte recado: <em>\u201cSe acaso Ronaldo Mendes incorporar-se \u00e0 equipe, desfilio-me do PT e saio candidato com Milton Marinho\u201d<\/em>. Comenta-se que o\u00a0prefeito Adroaldo ao tomar conhecimento disto, teria desistido, na mesma hora,\u00a0da id\u00e9ia de contratar Ronaldo, encerrando o assunto. <\/span><\/p>\n<p><span style=\"font-size: small; font-family: Calibri;\">Pelo andar da carruagem, essa briga ainda vai dar muito\u00a0o que falar.<\/span><\/p>\n<p><span style=\"font-size: small; font-family: Calibri;\"><em><strong>Da Reda\u00e7\u00e3o<\/strong><\/em><\/span><\/p>\n","protected":false},"excerpt":{"rendered":"<p>&#8216;Irinho locutor&#8217; n\u00e3o gostou da id\u00e9ia da contrata\u00e7\u00e3o de Ronaldo\u00a0 ITOROR\u00d3: A disputa sucess\u00f3ria em Itoror\u00f3 esquenta a cada dia, prometendo pegar fogo com a entrada do ex-petista Milton Marinho, desafeto declarado do prefeito Adroaldo Almeida, seu antigo correligion\u00e1rio. Um eps\u00f3dio ocorrido durante esta semana, mostra a que ponto teria chegado essa disputa entre os [&hellip;]<\/p>\n","protected":false},"author":2,"featured_media":0,"comment_status":"open","ping_status":"open","sticky":false,"template":"","format":"standard","meta":{"footnotes":"","_links_to":"","_links_to_target":""},"categories":[1],"tags":[],"class_list":["post-6360","post","type-post","status-publish","format-standard","hentry","category-geral"],"views":1648,"_links":{"self":[{"href":"https:\/\/www.sudoestehoje.com.br\/novoportal\/wp-json\/wp\/v2\/posts\/6360","targetHints":{"allow":["GET"]}}],"collection":[{"href":"https:\/\/www.sudoestehoje.com.br\/novoportal\/wp-json\/wp\/v2\/posts"}],"about":[{"href":"https:\/\/www.sudoestehoje.com.br\/novoportal\/wp-json\/wp\/v2\/types\/post"}],"author":[{"embeddable":true,"href":"https:\/\/www.sudoestehoje.com.br\/novoportal\/wp-json\/wp\/v2\/users\/2"}],"replies":[{"embeddable":true,"href":"https:\/\/www.sudoestehoje.com.br\/novoportal\/wp-json\/wp\/v2\/comments?post=6360"}],"version-history":[{"count":10,"href":"https:\/\/www.sudoestehoje.com.br\/novoportal\/wp-json\/wp\/v2\/posts\/6360\/revisions"}],"predecessor-version":[{"id":6367,"href":"https:\/\/www.sudoestehoje.com.br\/novoportal\/wp-json\/wp\/v2\/posts\/6360\/revisions\/6367"}],"wp:attachment":[{"href":"https:\/\/www.sudoestehoje.com.br\/novoportal\/wp-json\/wp\/v2\/media?parent=6360"}],"wp:term":[{"taxonomy":"category","embeddable":true,"href":"https:\/\/www.sudoestehoje.com.br\/novoportal\/wp-json\/wp\/v2\/categories?post=6360"},{"taxonomy":"post_tag","embeddable":true,"href":"https:\/\/www.sudoestehoje.com.br\/novoportal\/wp-json\/wp\/v2\/tags?post=6360"}],"curies":[{"name":"wp","href":"https:\/\/api.w.org\/{rel}","templated":true}]}}