
{"id":63596,"date":"2017-01-18T21:33:24","date_gmt":"2017-01-19T00:33:24","guid":{"rendered":"http:\/\/www.sudoestehoje.com.br\/novoportal\/?p=63596"},"modified":"2017-01-18T21:33:24","modified_gmt":"2017-01-19T00:33:24","slug":"macarani-prefeito-miller-ferraz-prioriza-limpeza-publica-saude-e-educacao","status":"publish","type":"post","link":"https:\/\/www.sudoestehoje.com.br\/novoportal\/2017\/01\/18\/macarani-prefeito-miller-ferraz-prioriza-limpeza-publica-saude-e-educacao\/","title":{"rendered":"MACARANI: PREFEITO MILLER FERRAZ PRIORIZA LIMPEZA P\u00daBLICA, SA\u00daDE E EDUCA\u00c7\u00c3O"},"content":{"rendered":"<p><img loading=\"lazy\" decoding=\"async\" class=\"\" src=\"https:\/\/scontent-grt2-1.xx.fbcdn.net\/v\/t1.0-9\/15977172_612191268992187_703733329518722092_n.jpg?oh=24e14de1c802960aeac2266c720bb4ce&amp;oe=591614A7\" alt=\"A imagem pode conter: atividades ao ar livre\" width=\"500\" height=\"281\" \/><\/p>\n<p>Desde que foi empossado, o novo prefeito de Macarani, Dr. Miller Ferraz, tem voltado todas as suas aten\u00e7\u00f5es \u00e0s \u00e1reas mais sens\u00edveis de qualquer governo: Sa\u00fade, Educa\u00e7\u00e3o e Limpeza P\u00fablica. Em contato com o Sudoeste Hoje, Miller fez um breve relato dos seus primeiros dias de governo, destacando as principais a\u00e7\u00f5es realizadas at\u00e9 agora.<\/p>\n<p><img loading=\"lazy\" decoding=\"async\" class=\"\" src=\"https:\/\/scontent-grt2-1.xx.fbcdn.net\/v\/t1.0-9\/16142653_612191398992174_5428526444870431872_n.jpg?oh=3e49283be7e34a209a5398fb9eaa1bef&amp;oe=591923AC\" alt=\"A imagem pode conter: atividades ao ar livre e texto\" width=\"501\" height=\"376\" \/><\/p>\n<p><em>&#8220;H\u00e1 16 dias Macarani iniciou um novo tempo. A triste realidade vivida por nossa cidade vai ficando para tr\u00e1s. Iniciamos um mutir\u00e3o na reforma das escolas, a contrata\u00e7\u00e3o de dois caminh\u00f5es para a coleta do lixo, conseguimos uma ambul\u00e2ncia nova, dentre outras significativas a\u00e7\u00f5es&#8221;<\/em>, relatou o novo gestor.<\/p>\n<p><img loading=\"lazy\" decoding=\"async\" class=\"\" src=\"https:\/\/scontent-grt2-1.xx.fbcdn.net\/v\/t1.0-9\/16105629_612191652325482_7997707770577159903_n.jpg?oh=eb5a5fb7b638bad4487d13108fc3bc60&amp;oe=591D2C60\" alt=\"A imagem pode conter: c\u00e9u, \u00e1rvore e atividades ao ar livre\" width=\"500\" height=\"375\" \/><\/p>\n<p><em>&#8220;Nosso povo precisa saber e acompanhar as mudan\u00e7as ocorridas, estas baseadas num trabalho s\u00e9rio e comprometido com o que a nossa comunidade precisa e merece. Quero tranquiliz\u00e1-los, estamos com muita det<\/em><span class=\"text_exposed_show\"><em>ermina\u00e7\u00e3o buscando dias melhores para mudar Macarani&#8221;<\/em> finalizou o jovem prefeito macaraniense. \/\/\u00a0<\/span><a class=\"_58cn\" href=\"https:\/\/www.facebook.com\/hashtag\/governodeumnovotempo?source=feed_text&amp;story_id=612198215658159\" data-ft=\"{&quot;tn&quot;:&quot;*N&quot;,&quot;type&quot;:104}\"><span class=\"_5afx\"><span class=\"_58cl _5afz\">#<\/span><span class=\"_58cm\">GovernoDeUmNovoTempo<\/span><\/span><\/a><\/p>\n<p><span style=\"color: #ff0000;\"><strong><em>CONFIRA MAIS FOTOS&#8230;<\/em><\/strong><\/span><!--more--><\/p>\n<p><img loading=\"lazy\" decoding=\"async\" class=\"\" src=\"https:\/\/scontent-grt2-1.xx.fbcdn.net\/v\/t1.0-9\/16143292_612191898992124_2642917653354347345_n.jpg?oh=d3e19dd38f846cce8a2a892a7556de7c&amp;oe=59170012\" alt=\"A imagem pode conter: pessoas em p\u00e9 e texto\" width=\"501\" height=\"282\" \/><\/p>\n<p><img loading=\"lazy\" decoding=\"async\" class=\"\" src=\"https:\/\/scontent-grt2-1.xx.fbcdn.net\/v\/t1.0-9\/16002760_612191215658859_6994638570451640508_n.jpg?oh=8ad6644a342c49276142623e30ed48f3&amp;oe=58D5FB02\" alt=\"A imagem pode conter: atividades ao ar livre e texto\" width=\"501\" height=\"281\" \/><\/p>\n<p><img loading=\"lazy\" decoding=\"async\" class=\"\" src=\"https:\/\/scontent-grt2-1.xx.fbcdn.net\/v\/l\/t1.0-9\/15977606_612191295658851_1862961561068795273_n.jpg?oh=c91cc70c8e6836545dcb3ade82c41f2c&amp;oe=590C0A60\" alt=\"A imagem pode conter: uma ou mais pessoas, atividades ao ar livre e texto\" width=\"500\" height=\"375\" \/><\/p>\n<p><img loading=\"lazy\" decoding=\"async\" class=\"\" src=\"https:\/\/scontent-grt2-1.xx.fbcdn.net\/v\/t1.0-9\/16143329_612191388992175_5368430108311368375_n.jpg?oh=6836127546e5c08738b5def03bba927a&amp;oe=590C2862\" alt=\"A imagem pode conter: texto\" width=\"500\" height=\"375\" \/><\/p>\n<p><img loading=\"lazy\" decoding=\"async\" class=\"\" src=\"https:\/\/scontent-grt2-1.xx.fbcdn.net\/v\/t1.0-9\/16105645_612191498992164_485618783784099914_n.jpg?oh=ae814ab3ebe0ab8d781436ce14daace2&amp;oe=5914A623\" alt=\"Nenhum texto alternativo autom\u00e1tico dispon\u00edvel.\" width=\"500\" height=\"375\" \/><\/p>\n","protected":false},"excerpt":{"rendered":"<p>Desde que foi empossado, o novo prefeito de Macarani, Dr. Miller Ferraz, tem voltado todas as suas aten\u00e7\u00f5es \u00e0s \u00e1reas mais sens\u00edveis de qualquer governo: Sa\u00fade, Educa\u00e7\u00e3o e Limpeza P\u00fablica. Em contato com o Sudoeste Hoje, Miller fez um breve relato dos seus primeiros dias de governo, destacando as principais a\u00e7\u00f5es realizadas at\u00e9 agora. &#8220;H\u00e1 [&hellip;]<\/p>\n","protected":false},"author":2,"featured_media":0,"comment_status":"open","ping_status":"open","sticky":false,"template":"","format":"standard","meta":{"footnotes":"","_links_to":"","_links_to_target":""},"categories":[1],"tags":[],"class_list":["post-63596","post","type-post","status-publish","format-standard","hentry","category-geral"],"views":1587,"_links":{"self":[{"href":"https:\/\/www.sudoestehoje.com.br\/novoportal\/wp-json\/wp\/v2\/posts\/63596","targetHints":{"allow":["GET"]}}],"collection":[{"href":"https:\/\/www.sudoestehoje.com.br\/novoportal\/wp-json\/wp\/v2\/posts"}],"about":[{"href":"https:\/\/www.sudoestehoje.com.br\/novoportal\/wp-json\/wp\/v2\/types\/post"}],"author":[{"embeddable":true,"href":"https:\/\/www.sudoestehoje.com.br\/novoportal\/wp-json\/wp\/v2\/users\/2"}],"replies":[{"embeddable":true,"href":"https:\/\/www.sudoestehoje.com.br\/novoportal\/wp-json\/wp\/v2\/comments?post=63596"}],"version-history":[{"count":2,"href":"https:\/\/www.sudoestehoje.com.br\/novoportal\/wp-json\/wp\/v2\/posts\/63596\/revisions"}],"predecessor-version":[{"id":63598,"href":"https:\/\/www.sudoestehoje.com.br\/novoportal\/wp-json\/wp\/v2\/posts\/63596\/revisions\/63598"}],"wp:attachment":[{"href":"https:\/\/www.sudoestehoje.com.br\/novoportal\/wp-json\/wp\/v2\/media?parent=63596"}],"wp:term":[{"taxonomy":"category","embeddable":true,"href":"https:\/\/www.sudoestehoje.com.br\/novoportal\/wp-json\/wp\/v2\/categories?post=63596"},{"taxonomy":"post_tag","embeddable":true,"href":"https:\/\/www.sudoestehoje.com.br\/novoportal\/wp-json\/wp\/v2\/tags?post=63596"}],"curies":[{"name":"wp","href":"https:\/\/api.w.org\/{rel}","templated":true}]}}