
{"id":63593,"date":"2017-01-18T20:55:39","date_gmt":"2017-01-18T23:55:39","guid":{"rendered":"http:\/\/www.sudoestehoje.com.br\/novoportal\/?p=63593"},"modified":"2017-01-18T20:55:39","modified_gmt":"2017-01-18T23:55:39","slug":"governo-desmente-boatos-sobre-cobranca-de-anuidade-de-cnh","status":"publish","type":"post","link":"https:\/\/www.sudoestehoje.com.br\/novoportal\/2017\/01\/18\/governo-desmente-boatos-sobre-cobranca-de-anuidade-de-cnh\/","title":{"rendered":"GOVERNO DESMENTE BOATOS SOBRE COBRAN\u00c7A DE ANUIDADE DE CNH"},"content":{"rendered":"<p><img loading=\"lazy\" decoding=\"async\" class=\"\" src=\"https:\/\/abrilexame.files.wordpress.com\/2016\/09\/size_960_16_9_cnh12.jpg?quality=70&amp;strip=all&amp;w=680&amp;h=453&amp;crop=1\" alt=\"Carteira Nacional de Habilita\u00e7\u00e3o\" width=\"500\" height=\"333\" \/><\/p>\n<p>Bras\u00edlia \u2013 O Minist\u00e9rio das Cidades divulgou nota \u00e0 imprensa nesta quarta-feira, 18, para esclarecer que \u00e9 falsa a informa\u00e7\u00e3o que os portadores de Carteira Nacional de Habita\u00e7\u00e3o (CNH) precisam pagar anuidade. Segundo o \u00f3rg\u00e3o, a mensagem pode ser um golpe contra a popula\u00e7\u00e3o.<\/p>\n<p>A mensagem falsa que circula diz que nesta quarta, dia 18 de janeiro \u2013 em pleno recesso do <strong><a href=\"http:\/\/exame.abril.com.br\/noticias-sobre\/congresso\/\">Congresso Nacional<\/a><\/strong> \u2013 foi aprovado um projeto de lei que regulamenta a cobran\u00e7a anual de uma taxa de R$ 298,47 a todos os portadores da carteira de motorista a partir do dia 1\u00ba de fevereiro.<\/p>\n<p>A cobran\u00e7a seria enviada pelos Correios. Diz a falsa mensagem que o objetivo da taxa seria \u201cauxiliar o governo federal, na extin\u00e7\u00e3o da atual crise econ\u00f4mica vivida no pa\u00eds\u201d.<\/p>\n<p>O minist\u00e9rio alerta para o golpe e para que a popula\u00e7\u00e3o n\u00e3o pague qualquer taxa enviada pelos Correios. N\u00e3o procede a informa\u00e7\u00e3o de que o n\u00e3o pagamento resultaria em d\u00edvida ativa e cancelamento da CNH, al\u00e9m de apreens\u00e3o do documento em \u201cblits\u201d (sic), ou \u201ca\u00e7\u00f5es coordenadas pelos Detrans de cada cidade\u201d (sic). \/\/<em>Exame<\/em><\/p>\n","protected":false},"excerpt":{"rendered":"<p>Bras\u00edlia \u2013 O Minist\u00e9rio das Cidades divulgou nota \u00e0 imprensa nesta quarta-feira, 18, para esclarecer que \u00e9 falsa a informa\u00e7\u00e3o que os portadores de Carteira Nacional de Habita\u00e7\u00e3o (CNH) precisam pagar anuidade. Segundo o \u00f3rg\u00e3o, a mensagem pode ser um golpe contra a popula\u00e7\u00e3o. A mensagem falsa que circula diz que nesta quarta, dia 18 [&hellip;]<\/p>\n","protected":false},"author":2,"featured_media":0,"comment_status":"open","ping_status":"open","sticky":false,"template":"","format":"standard","meta":{"footnotes":"","_links_to":"","_links_to_target":""},"categories":[1],"tags":[],"class_list":["post-63593","post","type-post","status-publish","format-standard","hentry","category-geral"],"views":1401,"_links":{"self":[{"href":"https:\/\/www.sudoestehoje.com.br\/novoportal\/wp-json\/wp\/v2\/posts\/63593","targetHints":{"allow":["GET"]}}],"collection":[{"href":"https:\/\/www.sudoestehoje.com.br\/novoportal\/wp-json\/wp\/v2\/posts"}],"about":[{"href":"https:\/\/www.sudoestehoje.com.br\/novoportal\/wp-json\/wp\/v2\/types\/post"}],"author":[{"embeddable":true,"href":"https:\/\/www.sudoestehoje.com.br\/novoportal\/wp-json\/wp\/v2\/users\/2"}],"replies":[{"embeddable":true,"href":"https:\/\/www.sudoestehoje.com.br\/novoportal\/wp-json\/wp\/v2\/comments?post=63593"}],"version-history":[{"count":2,"href":"https:\/\/www.sudoestehoje.com.br\/novoportal\/wp-json\/wp\/v2\/posts\/63593\/revisions"}],"predecessor-version":[{"id":63595,"href":"https:\/\/www.sudoestehoje.com.br\/novoportal\/wp-json\/wp\/v2\/posts\/63593\/revisions\/63595"}],"wp:attachment":[{"href":"https:\/\/www.sudoestehoje.com.br\/novoportal\/wp-json\/wp\/v2\/media?parent=63593"}],"wp:term":[{"taxonomy":"category","embeddable":true,"href":"https:\/\/www.sudoestehoje.com.br\/novoportal\/wp-json\/wp\/v2\/categories?post=63593"},{"taxonomy":"post_tag","embeddable":true,"href":"https:\/\/www.sudoestehoje.com.br\/novoportal\/wp-json\/wp\/v2\/tags?post=63593"}],"curies":[{"name":"wp","href":"https:\/\/api.w.org\/{rel}","templated":true}]}}