
{"id":63579,"date":"2017-01-17T23:36:45","date_gmt":"2017-01-18T02:36:45","guid":{"rendered":"http:\/\/www.sudoestehoje.com.br\/novoportal\/?p=63579"},"modified":"2017-01-17T23:37:22","modified_gmt":"2017-01-18T02:37:22","slug":"luto-morre-em-salvador-a-itapetinguense-cintia-melo-souto","status":"publish","type":"post","link":"https:\/\/www.sudoestehoje.com.br\/novoportal\/2017\/01\/17\/luto-morre-em-salvador-a-itapetinguense-cintia-melo-souto\/","title":{"rendered":"LUTO: MORRE EM SALVADOR A ITAPETINGUENSE C\u00cdNTIA MELO SOUTO"},"content":{"rendered":"<p><img loading=\"lazy\" decoding=\"async\" class=\"\" src=\"https:\/\/scontent-grt2-1.xx.fbcdn.net\/v\/t1.0-9\/14479617_1129315040482101_6459294539906912162_n.jpg?oh=048e58bb325c0814e5d953744905e7fc&amp;oe=5913B3E5\" alt=\"A imagem pode conter: 1 pessoa, \u00f3culos de sol e close-up\" width=\"500\" height=\"500\" \/><\/p>\n<p>Faleceu, na tarde desta ter\u00e7a-feira (18), em Salvador, a itapetinguense C\u00edntia Melo Souto, filha do saudoso Lourival Souto e irm\u00e3 do ex-prefeito de Itarantim, Ricardo Souto.<\/p>\n<p>C\u00edntia j\u00e1 vinha internada em um hospital em Salvador, e acabou falecendo de causas naturais, segundo informa\u00e7\u00f5es de familiares.<\/p>\n<p>O corpo ser\u00e1 velado no Cerimonial Pax Perfei\u00e7\u00e3o, em Itapetinga, e o sepultamento acontecer\u00e1 na tarde desta quarta-feira (19), no cemit\u00e9rio Central, no bairro Camacan, no jazigo dos seus pais.<\/p>\n<p>O Sudoeste Hoje manifesta aos parentes e amigos de C\u00edntia os mais sinceros sentimentos pela inestim\u00e1vel perda.<\/p>\n<p><strong><em>Davi Ferraz &#8211; Editor<\/em><\/strong><\/p>\n","protected":false},"excerpt":{"rendered":"<p>Faleceu, na tarde desta ter\u00e7a-feira (18), em Salvador, a itapetinguense C\u00edntia Melo Souto, filha do saudoso Lourival Souto e irm\u00e3 do ex-prefeito de Itarantim, Ricardo Souto. C\u00edntia j\u00e1 vinha internada em um hospital em Salvador, e acabou falecendo de causas naturais, segundo informa\u00e7\u00f5es de familiares. O corpo ser\u00e1 velado no Cerimonial Pax Perfei\u00e7\u00e3o, em Itapetinga, [&hellip;]<\/p>\n","protected":false},"author":2,"featured_media":0,"comment_status":"open","ping_status":"open","sticky":false,"template":"","format":"standard","meta":{"footnotes":"","_links_to":"","_links_to_target":""},"categories":[1],"tags":[],"class_list":["post-63579","post","type-post","status-publish","format-standard","hentry","category-geral"],"views":3415,"_links":{"self":[{"href":"https:\/\/www.sudoestehoje.com.br\/novoportal\/wp-json\/wp\/v2\/posts\/63579","targetHints":{"allow":["GET"]}}],"collection":[{"href":"https:\/\/www.sudoestehoje.com.br\/novoportal\/wp-json\/wp\/v2\/posts"}],"about":[{"href":"https:\/\/www.sudoestehoje.com.br\/novoportal\/wp-json\/wp\/v2\/types\/post"}],"author":[{"embeddable":true,"href":"https:\/\/www.sudoestehoje.com.br\/novoportal\/wp-json\/wp\/v2\/users\/2"}],"replies":[{"embeddable":true,"href":"https:\/\/www.sudoestehoje.com.br\/novoportal\/wp-json\/wp\/v2\/comments?post=63579"}],"version-history":[{"count":3,"href":"https:\/\/www.sudoestehoje.com.br\/novoportal\/wp-json\/wp\/v2\/posts\/63579\/revisions"}],"predecessor-version":[{"id":63582,"href":"https:\/\/www.sudoestehoje.com.br\/novoportal\/wp-json\/wp\/v2\/posts\/63579\/revisions\/63582"}],"wp:attachment":[{"href":"https:\/\/www.sudoestehoje.com.br\/novoportal\/wp-json\/wp\/v2\/media?parent=63579"}],"wp:term":[{"taxonomy":"category","embeddable":true,"href":"https:\/\/www.sudoestehoje.com.br\/novoportal\/wp-json\/wp\/v2\/categories?post=63579"},{"taxonomy":"post_tag","embeddable":true,"href":"https:\/\/www.sudoestehoje.com.br\/novoportal\/wp-json\/wp\/v2\/tags?post=63579"}],"curies":[{"name":"wp","href":"https:\/\/api.w.org\/{rel}","templated":true}]}}