
{"id":63573,"date":"2017-01-17T22:51:06","date_gmt":"2017-01-18T01:51:06","guid":{"rendered":"http:\/\/www.sudoestehoje.com.br\/novoportal\/?p=63573"},"modified":"2017-01-17T23:06:54","modified_gmt":"2017-01-18T02:06:54","slug":"rotary-club-traz-expo-flor-de-holambra-a-itapetinga","status":"publish","type":"post","link":"https:\/\/www.sudoestehoje.com.br\/novoportal\/2017\/01\/17\/rotary-club-traz-expo-flor-de-holambra-a-itapetinga\/","title":{"rendered":"ROTARY CLUBE TRAZ PELA PRIMEIRA VEZ A ITAPETINGA A &#8220;EXPO-FLOR DE HOLAMBRA&#8221;"},"content":{"rendered":"<p><img loading=\"lazy\" decoding=\"async\" class=\"\" src=\"https:\/\/scontent-grt2-1.xx.fbcdn.net\/v\/t1.0-9\/16114655_1245830982174967_4334724462583719098_n.jpg?oh=2f77fb32cb6f6253bc65d4a97d50dfd6&amp;oe=5906BADD\" alt=\"A imagem pode conter: c\u00e9u e atividades ao ar livre\" width=\"501\" height=\"282\" \/><\/p>\n<p>Numa iniciativa do Rotary Clube, com apoio da prefeitura, acontece pela primeira vez em Itapetinga a Expo-Flor de Holambra, uma feira de flores e plantas ornamentais cultivadas no sul do pa\u00eds, exportadas para todo o mundo.<\/p>\n<p><img loading=\"lazy\" decoding=\"async\" class=\"\" src=\"https:\/\/scontent-grt2-1.xx.fbcdn.net\/v\/t1.0-9\/16174864_1245831235508275_8914895719507230255_n.jpg?oh=5a4c742aba779365c3a29c6b188038d8&amp;oe=591CB079\" alt=\"A imagem pode conter: 2 pessoas, flor, planta, tabela e comida\" width=\"500\" height=\"300\" \/><\/p>\n<p>O objetivo da feira \u00e9 arrecadar recursos para ajudar na constru\u00e7\u00e3o do alojamento masculino do Abrigo Laura Carvalho, e os seus organizadores esperam contar com o apoio da comunidade itapetinguense, para esse fim.<\/p>\n<p><img loading=\"lazy\" decoding=\"async\" class=\"\" src=\"https:\/\/scontent-grt2-1.xx.fbcdn.net\/v\/t1.0-9\/16105678_1245831822174883_2872534100387238203_n.jpg?oh=f45c2cf878f492e1308579a34d4e08ea&amp;oe=590E0549\" alt=\"A imagem pode conter: 6 pessoas, pessoas sorrindo, pessoas em p\u00e9 e atividades ao ar livre\" width=\"501\" height=\"282\" \/><\/p>\n<p>Os stands da Expo-Flor de Holambra est\u00e3o instalados no p\u00e1tio da prefeitura, na Pra\u00e7a Dairy Valley, e podem ser visitados pelo p\u00fablico durante todo o dia, inclusive \u00e0 noite, at\u00e9 o pr\u00f3ximo domingo (22).<\/p>\n<p><img loading=\"lazy\" decoding=\"async\" class=\"\" src=\"https:\/\/scontent-grt2-1.xx.fbcdn.net\/v\/t1.0-9\/16113919_1245864218838310_2524509363299463601_n.jpg?oh=ed3202a523eda5be343a0e647648da91&amp;oe=590C23C3\" alt=\"A imagem pode conter: 6 pessoas, pessoas sorrindo, pessoas em p\u00e9 e \u00e1rea interna\" width=\"500\" height=\"375\" \/><\/p>\n<p><span style=\"color: #ff0000;\"><strong><em>CONFIRA MAIS FOTOS&#8230;<\/em><\/strong><\/span><!--more--><\/p>\n<p><img loading=\"lazy\" decoding=\"async\" class=\"\" src=\"https:\/\/scontent-grt2-1.xx.fbcdn.net\/v\/t1.0-9\/15977622_1245832188841513_1486399983987786880_n.jpg?oh=9308269c23e8b58c218a47c9301dfb41&amp;oe=59237FBD\" alt=\"A imagem pode conter: 2 pessoas, pessoas sorrindo, pessoas em p\u00e9 e texto\" width=\"501\" height=\"741\" \/><\/p>\n<p><img loading=\"lazy\" decoding=\"async\" class=\"\" src=\"https:\/\/scontent-grt2-1.xx.fbcdn.net\/v\/t1.0-9\/16143219_1245831872174878_528715937966813529_n.jpg?oh=d4481be45795728f33f70aa83088e1a0&amp;oe=59134ACB\" alt=\"A imagem pode conter: 5 pessoas, pessoas sorrindo, atividades ao ar livre\" width=\"500\" height=\"375\" \/><\/p>\n<p><img loading=\"lazy\" decoding=\"async\" class=\"\" src=\"https:\/\/scontent-grt2-1.xx.fbcdn.net\/v\/t1.0-9\/16106024_1245831042174961_2016368924896800366_n.jpg?oh=c5a6e278122b64819a8b144f7c42ed3c&amp;oe=590735D6\" alt=\"A imagem pode conter: flor e planta\" width=\"501\" height=\"282\" \/><\/p>\n<p><img loading=\"lazy\" decoding=\"async\" class=\"\" src=\"https:\/\/scontent-grt2-1.xx.fbcdn.net\/v\/t1.0-9\/16174890_1245831065508292_5679640830964846763_n.jpg?oh=7096197f8f37a5bf8c1552a355e05a1d&amp;oe=5906E967\" alt=\"A imagem pode conter: 4 pessoas, pessoas sorrindo, pessoas em p\u00e9\" width=\"501\" height=\"300\" \/><\/p>\n<p><img loading=\"lazy\" decoding=\"async\" class=\"\" src=\"https:\/\/scontent-grt2-1.xx.fbcdn.net\/v\/t1.0-9\/16002931_1245831368841595_6078541801277694211_n.jpg?oh=7286e87d0c7c163fa691127c3f1029cc&amp;oe=591E02DD\" alt=\"A imagem pode conter: planta, flor, comida e \u00e1rea interna\" width=\"500\" height=\"300\" \/><\/p>\n<p><img loading=\"lazy\" decoding=\"async\" class=\"\" src=\"https:\/\/scontent-grt2-1.xx.fbcdn.net\/v\/t1.0-9\/16143032_1245831415508257_5633213907702069967_n.jpg?oh=405289cd4cc6d17ef56978eea3e207d4&amp;oe=5906ED42\" alt=\"A imagem pode conter: planta, atividades ao ar livre e natureza\" width=\"500\" height=\"300\" \/><\/p>\n<p><img loading=\"lazy\" decoding=\"async\" class=\"\" src=\"https:\/\/scontent-grt2-1.xx.fbcdn.net\/v\/t1.0-9\/16003286_1245831638841568_6936752062861131348_n.jpg?oh=0026c2b8db9890df8a89abb994a7f7d8&amp;oe=59248C52\" alt=\"A imagem pode conter: planta, flor e comida\" width=\"500\" height=\"300\" \/><\/p>\n<p><img loading=\"lazy\" decoding=\"async\" class=\"\" src=\"https:\/\/scontent-grt2-1.xx.fbcdn.net\/v\/t1.0-9\/16143184_1245831502174915_6110761593537301548_n.jpg?oh=bf234ce04d589199fe0b98c9c2c3ca96&amp;oe=591F5C88\" alt=\"A imagem pode conter: flor, planta, atividades ao ar livre e natureza\" width=\"500\" height=\"300\" \/><\/p>\n<p><img loading=\"lazy\" decoding=\"async\" class=\"\" src=\"https:\/\/scontent-grt2-1.xx.fbcdn.net\/v\/t1.0-9\/16174765_1245831738841558_3969725302790313711_n.jpg?oh=1875dcafd670396507ae7f1040663698&amp;oe=5907E303\" alt=\"A imagem pode conter: planta, flor e natureza\" width=\"501\" height=\"282\" \/><\/p>\n<p><img loading=\"lazy\" decoding=\"async\" class=\"\" src=\"https:\/\/scontent-grt2-1.xx.fbcdn.net\/v\/t1.0-9\/16174682_1245832062174859_6388414345789319442_n.jpg?oh=0e25ed1daf0bf4650b83d494c01c2a33&amp;oe=5905FD6C\" alt=\"A imagem pode conter: flor, planta e atividades ao ar livre\" width=\"501\" height=\"282\" \/><\/p>\n<p><strong><em>Por Davi Ferraz<\/em><\/strong><\/p>\n","protected":false},"excerpt":{"rendered":"<p>Numa iniciativa do Rotary Clube, com apoio da prefeitura, acontece pela primeira vez em Itapetinga a Expo-Flor de Holambra, uma feira de flores e plantas ornamentais cultivadas no sul do pa\u00eds, exportadas para todo o mundo. O objetivo da feira \u00e9 arrecadar recursos para ajudar na constru\u00e7\u00e3o do alojamento masculino do Abrigo Laura Carvalho, e [&hellip;]<\/p>\n","protected":false},"author":2,"featured_media":0,"comment_status":"open","ping_status":"open","sticky":false,"template":"","format":"standard","meta":{"footnotes":"","_links_to":"","_links_to_target":""},"categories":[1],"tags":[],"class_list":["post-63573","post","type-post","status-publish","format-standard","hentry","category-geral"],"views":2111,"_links":{"self":[{"href":"https:\/\/www.sudoestehoje.com.br\/novoportal\/wp-json\/wp\/v2\/posts\/63573","targetHints":{"allow":["GET"]}}],"collection":[{"href":"https:\/\/www.sudoestehoje.com.br\/novoportal\/wp-json\/wp\/v2\/posts"}],"about":[{"href":"https:\/\/www.sudoestehoje.com.br\/novoportal\/wp-json\/wp\/v2\/types\/post"}],"author":[{"embeddable":true,"href":"https:\/\/www.sudoestehoje.com.br\/novoportal\/wp-json\/wp\/v2\/users\/2"}],"replies":[{"embeddable":true,"href":"https:\/\/www.sudoestehoje.com.br\/novoportal\/wp-json\/wp\/v2\/comments?post=63573"}],"version-history":[{"count":5,"href":"https:\/\/www.sudoestehoje.com.br\/novoportal\/wp-json\/wp\/v2\/posts\/63573\/revisions"}],"predecessor-version":[{"id":63578,"href":"https:\/\/www.sudoestehoje.com.br\/novoportal\/wp-json\/wp\/v2\/posts\/63573\/revisions\/63578"}],"wp:attachment":[{"href":"https:\/\/www.sudoestehoje.com.br\/novoportal\/wp-json\/wp\/v2\/media?parent=63573"}],"wp:term":[{"taxonomy":"category","embeddable":true,"href":"https:\/\/www.sudoestehoje.com.br\/novoportal\/wp-json\/wp\/v2\/categories?post=63573"},{"taxonomy":"post_tag","embeddable":true,"href":"https:\/\/www.sudoestehoje.com.br\/novoportal\/wp-json\/wp\/v2\/tags?post=63573"}],"curies":[{"name":"wp","href":"https:\/\/api.w.org\/{rel}","templated":true}]}}