
{"id":63565,"date":"2017-01-17T00:08:45","date_gmt":"2017-01-17T03:08:45","guid":{"rendered":"http:\/\/www.sudoestehoje.com.br\/novoportal\/?p=63565"},"modified":"2017-01-17T00:08:45","modified_gmt":"2017-01-17T03:08:45","slug":"divulgacao-da-nota-do-enem-sera-antecipada-para-esta-quarta-diz-inep","status":"publish","type":"post","link":"https:\/\/www.sudoestehoje.com.br\/novoportal\/2017\/01\/17\/divulgacao-da-nota-do-enem-sera-antecipada-para-esta-quarta-diz-inep\/","title":{"rendered":"DIVULGA\u00c7\u00c3O DA NOTA DO ENEM SER\u00c1 ANTECIPADA PARA ESTA QUARTA, DIZ INEP"},"content":{"rendered":"<div class=\"mc-column content-text active-extra-styles active-capital-letter\" data-block-type=\"unstyled\" data-block-weight=\"56\">\n<p class=\"content-text__container theme-color-primary-first-letter\" data-track-category=\"Link no Texto\" data-track-links=\"\"><a href=\"http:\/\/www.sudoestehoje.com.br\/novoportal\/wp-content\/uploads\/2017\/01\/nota-enem-2015-2016.jpg\"><img loading=\"lazy\" decoding=\"async\" class=\"aligncenter size-medium wp-image-63566\" src=\"http:\/\/www.sudoestehoje.com.br\/novoportal\/wp-content\/uploads\/2017\/01\/nota-enem-2015-2016-500x250.jpg\" alt=\"nota-enem-2015-2016\" width=\"500\" height=\"250\" srcset=\"https:\/\/www.sudoestehoje.com.br\/novoportal\/wp-content\/uploads\/2017\/01\/nota-enem-2015-2016-500x250.jpg 500w, https:\/\/www.sudoestehoje.com.br\/novoportal\/wp-content\/uploads\/2017\/01\/nota-enem-2015-2016.jpg 600w\" sizes=\"auto, (max-width: 500px) 100vw, 500px\" \/><\/a><\/p>\n<p class=\"content-text__container theme-color-primary-first-letter\" data-track-category=\"Link no Texto\" data-track-links=\"\">O Istituto Nacional de Estudos e Pesquisas Educacionais An\u00edsio Teixeira (Inep) afirmou, na tarde desta segunda-feira (16), que vai antecipar para esta quarta (18) a divulga\u00e7\u00e3o das notas da edi\u00e7\u00e3o 2016 do Exame Nacional do Ensino M\u00e9dio (Enem). Neste dia, \u00e0s 11h, o ministro da Educa\u00e7\u00e3o, Mendon\u00e7a Filho, dar\u00e1 uma entrevista \u00e0 imprensa sobre o exame.<\/p>\n<\/div>\n<div class=\"mc-column content-text active-extra-styles \" data-block-type=\"unstyled\" data-block-weight=\"29\">\n<p class=\"content-text__container \" data-track-category=\"Link no Texto\" data-track-links=\"\">No ano passado, o MEC havia fixado a data da divulga\u00e7\u00e3o para a quinta-feira (19), mas, na sexta-feira passada, o ministro afirmou que havia pedido a antecipa\u00e7\u00e3o da divulga\u00e7\u00e3o.<\/p>\n<\/div>\n<div class=\"mc-column content-text active-extra-styles \" data-block-type=\"unstyled\" data-block-weight=\"49\">\n<p class=\"content-text__container \" data-track-category=\"Link no Texto\" data-track-links=\"\">Procurado pelo <strong>G1<\/strong>, o Inep afirmou, na sexta, que ainda n\u00e3o sabia se haveria tempo h\u00e1bil para antecipar em um dia a consulta, por causa da necessidade de carregamento de dados das provas de milh\u00f5es de candidatos ao sistema on-line. A confirma\u00e7\u00e3o s\u00f3 foi divulgada na tarde desta segunda.<\/p>\n<\/div>\n<div class=\"mc-column content-text active-extra-styles\" data-block-type=\"raw\" data-block-weight=\"4\">\n<div class=\"content-intertitle\">\n<h2>Mudan\u00e7as no Enem 2017<\/h2>\n<\/div>\n<\/div>\n<div class=\"mc-column content-text active-extra-styles \" data-block-type=\"unstyled\" data-block-weight=\"77\">\n<p class=\"content-text__container \" data-track-category=\"Link no Texto\" data-track-links=\"\">Nesta quarta tamb\u00e9m est\u00e1 prevista a abertura da consulta p\u00fablica sobre a edi\u00e7\u00e3o de 2017 do Enem. O MEC estuda maneiras de economizar na realiza\u00e7\u00e3o do exame. Entre as decis\u00f5es j\u00e1 tomadas est\u00e1 eliminar uma das fun\u00e7\u00f5es dele: a certifica\u00e7\u00e3o de conclus\u00e3o do ensino m\u00e9dio. A partir deste ano, pessoas maiores de 18 anos que n\u00e3o terminaram o ensino m\u00e9dio na idade regular dever\u00e3o fazer o Exame Nacional para Certifica\u00e7\u00e3o de Compet\u00eancias de Jovens e Adultos (Encceja).<\/p>\n<\/div>\n<div class=\"mc-column content-text active-extra-styles \" data-block-type=\"unstyled\" data-block-weight=\"41\">\n<p class=\"content-text__container \" data-track-category=\"Link no Texto\" data-track-links=\"\">O Inep afirmou ao <strong>G1<\/strong> que ainda n\u00e3o h\u00e1 informa\u00e7\u00f5es sobre por quanto tempo a consulta ficar\u00e1 no ar, mas que a portaria definindo as regras da consulta p\u00fablica ser\u00e1 divulgada na edi\u00e7\u00e3o do dia 18 do &#8220;Di\u00e1rio Oficial da Uni\u00e3o&#8221;.<\/p>\n<\/div>\n<div class=\"content-ads content-ads--outside-grid\"><\/div>\n<div class=\"mc-column comments\"><\/div>\n","protected":false},"excerpt":{"rendered":"<p>O Istituto Nacional de Estudos e Pesquisas Educacionais An\u00edsio Teixeira (Inep) afirmou, na tarde desta segunda-feira (16), que vai antecipar para esta quarta (18) a divulga\u00e7\u00e3o das notas da edi\u00e7\u00e3o 2016 do Exame Nacional do Ensino M\u00e9dio (Enem). Neste dia, \u00e0s 11h, o ministro da Educa\u00e7\u00e3o, Mendon\u00e7a Filho, dar\u00e1 uma entrevista \u00e0 imprensa sobre o [&hellip;]<\/p>\n","protected":false},"author":2,"featured_media":63566,"comment_status":"open","ping_status":"open","sticky":false,"template":"","format":"standard","meta":{"footnotes":"","_links_to":"","_links_to_target":""},"categories":[1],"tags":[],"class_list":["post-63565","post","type-post","status-publish","format-standard","has-post-thumbnail","hentry","category-geral"],"views":1353,"_links":{"self":[{"href":"https:\/\/www.sudoestehoje.com.br\/novoportal\/wp-json\/wp\/v2\/posts\/63565","targetHints":{"allow":["GET"]}}],"collection":[{"href":"https:\/\/www.sudoestehoje.com.br\/novoportal\/wp-json\/wp\/v2\/posts"}],"about":[{"href":"https:\/\/www.sudoestehoje.com.br\/novoportal\/wp-json\/wp\/v2\/types\/post"}],"author":[{"embeddable":true,"href":"https:\/\/www.sudoestehoje.com.br\/novoportal\/wp-json\/wp\/v2\/users\/2"}],"replies":[{"embeddable":true,"href":"https:\/\/www.sudoestehoje.com.br\/novoportal\/wp-json\/wp\/v2\/comments?post=63565"}],"version-history":[{"count":1,"href":"https:\/\/www.sudoestehoje.com.br\/novoportal\/wp-json\/wp\/v2\/posts\/63565\/revisions"}],"predecessor-version":[{"id":63567,"href":"https:\/\/www.sudoestehoje.com.br\/novoportal\/wp-json\/wp\/v2\/posts\/63565\/revisions\/63567"}],"wp:featuredmedia":[{"embeddable":true,"href":"https:\/\/www.sudoestehoje.com.br\/novoportal\/wp-json\/wp\/v2\/media\/63566"}],"wp:attachment":[{"href":"https:\/\/www.sudoestehoje.com.br\/novoportal\/wp-json\/wp\/v2\/media?parent=63565"}],"wp:term":[{"taxonomy":"category","embeddable":true,"href":"https:\/\/www.sudoestehoje.com.br\/novoportal\/wp-json\/wp\/v2\/categories?post=63565"},{"taxonomy":"post_tag","embeddable":true,"href":"https:\/\/www.sudoestehoje.com.br\/novoportal\/wp-json\/wp\/v2\/tags?post=63565"}],"curies":[{"name":"wp","href":"https:\/\/api.w.org\/{rel}","templated":true}]}}