
{"id":63555,"date":"2017-01-16T19:53:53","date_gmt":"2017-01-16T22:53:53","guid":{"rendered":"http:\/\/www.sudoestehoje.com.br\/novoportal\/?p=63555"},"modified":"2017-01-16T19:56:24","modified_gmt":"2017-01-16T22:56:24","slug":"itapetinga-prefeitura-reinicia-ampliacao-do-psf-de-bandeira-do-colonia","status":"publish","type":"post","link":"https:\/\/www.sudoestehoje.com.br\/novoportal\/2017\/01\/16\/itapetinga-prefeitura-reinicia-ampliacao-do-psf-de-bandeira-do-colonia\/","title":{"rendered":"ITAPETINGA: PREFEITURA REINICIA AMPLIA\u00c7\u00c3O DO PSF DE BANDEIRA DO COL\u00d4NIA"},"content":{"rendered":"<p><img loading=\"lazy\" decoding=\"async\" class=\"\" src=\"https:\/\/scontent-grt2-1.xx.fbcdn.net\/v\/t1.0-9\/16142339_1508985322460008_4593637461034207237_n.jpg?oh=28afe0cbcee418817e6a7e1b9528e659&amp;oe=59181F1B\" alt=\"A imagem pode conter: 1 pessoa, atividades ao ar livre\" width=\"501\" height=\"282\" \/><\/p>\n<p>As obras de amplia\u00e7\u00e3o do PSF do distrito de Bandeira do Col\u00f4nia, paralisadas h\u00e1 quase 2 anos pela gest\u00e3o do ex-prefeito Z\u00e9 Carlos, foram finalmente reiniciadas nesta segunda-feira (16), pelo prefeito Rodrigo Hagge, que assumiu o mandato h\u00e1 apenas 15 dias.<\/p>\n<p>A iniciativa animou a popula\u00e7\u00e3o do distrito, que j\u00e1 havia perdido a esperan\u00e7a de contar com t\u00e3o importante equipamento, cujo t\u00e9rmino estava previsto para agosto de 2015, mas que caiu no esquecimento pela antiga administra\u00e7\u00e3o, apesar da verba j\u00e1 ter sido disponibilizada pelo Minist\u00e9rio da Sa\u00fade.<\/p>\n<p><img loading=\"lazy\" decoding=\"async\" class=\"\" src=\"http:\/\/www.sudoestehoje.com.br\/novoportal\/wp-content\/uploads\/2015\/10\/psf-2-500x375.jpg\" alt=\"psf 2\" width=\"501\" height=\"376\" \/><\/p>\n<p>Com a verba desvalorizando na conta do munic\u00edpio, o novo gestor municipal n\u00e3o perdeu tempo e determinou logo o rein\u00edcio das obras.<\/p>\n<p>Bandeira do Col\u00f4nia agradece.<\/p>\n<p><strong><em>Por Davi Ferraz<\/em><\/strong><\/p>\n","protected":false},"excerpt":{"rendered":"<p>As obras de amplia\u00e7\u00e3o do PSF do distrito de Bandeira do Col\u00f4nia, paralisadas h\u00e1 quase 2 anos pela gest\u00e3o do ex-prefeito Z\u00e9 Carlos, foram finalmente reiniciadas nesta segunda-feira (16), pelo prefeito Rodrigo Hagge, que assumiu o mandato h\u00e1 apenas 15 dias. A iniciativa animou a popula\u00e7\u00e3o do distrito, que j\u00e1 havia perdido a esperan\u00e7a de [&hellip;]<\/p>\n","protected":false},"author":2,"featured_media":0,"comment_status":"open","ping_status":"open","sticky":false,"template":"","format":"standard","meta":{"footnotes":"","_links_to":"","_links_to_target":""},"categories":[1],"tags":[],"class_list":["post-63555","post","type-post","status-publish","format-standard","hentry","category-geral"],"views":2053,"_links":{"self":[{"href":"https:\/\/www.sudoestehoje.com.br\/novoportal\/wp-json\/wp\/v2\/posts\/63555","targetHints":{"allow":["GET"]}}],"collection":[{"href":"https:\/\/www.sudoestehoje.com.br\/novoportal\/wp-json\/wp\/v2\/posts"}],"about":[{"href":"https:\/\/www.sudoestehoje.com.br\/novoportal\/wp-json\/wp\/v2\/types\/post"}],"author":[{"embeddable":true,"href":"https:\/\/www.sudoestehoje.com.br\/novoportal\/wp-json\/wp\/v2\/users\/2"}],"replies":[{"embeddable":true,"href":"https:\/\/www.sudoestehoje.com.br\/novoportal\/wp-json\/wp\/v2\/comments?post=63555"}],"version-history":[{"count":4,"href":"https:\/\/www.sudoestehoje.com.br\/novoportal\/wp-json\/wp\/v2\/posts\/63555\/revisions"}],"predecessor-version":[{"id":63559,"href":"https:\/\/www.sudoestehoje.com.br\/novoportal\/wp-json\/wp\/v2\/posts\/63555\/revisions\/63559"}],"wp:attachment":[{"href":"https:\/\/www.sudoestehoje.com.br\/novoportal\/wp-json\/wp\/v2\/media?parent=63555"}],"wp:term":[{"taxonomy":"category","embeddable":true,"href":"https:\/\/www.sudoestehoje.com.br\/novoportal\/wp-json\/wp\/v2\/categories?post=63555"},{"taxonomy":"post_tag","embeddable":true,"href":"https:\/\/www.sudoestehoje.com.br\/novoportal\/wp-json\/wp\/v2\/tags?post=63555"}],"curies":[{"name":"wp","href":"https:\/\/api.w.org\/{rel}","templated":true}]}}