
{"id":63545,"date":"2017-01-15T00:18:57","date_gmt":"2017-01-15T03:18:57","guid":{"rendered":"http:\/\/www.sudoestehoje.com.br\/novoportal\/?p=63545"},"modified":"2017-01-15T00:18:57","modified_gmt":"2017-01-15T03:18:57","slug":"macarani-prefeito-miller-ferraz-busca-recursos-para-iluminar-estadio","status":"publish","type":"post","link":"https:\/\/www.sudoestehoje.com.br\/novoportal\/2017\/01\/15\/macarani-prefeito-miller-ferraz-busca-recursos-para-iluminar-estadio\/","title":{"rendered":"MACARANI: PREFEITO MILLER FERRAZ BUSCA RECURSOS PARA ILUMINAR ESTADIO"},"content":{"rendered":"<p><img loading=\"lazy\" decoding=\"async\" class=\"\" src=\"https:\/\/scontent-grt2-1.xx.fbcdn.net\/v\/t1.0-9\/16105888_1011178219025735_5312997797067452272_n.jpg?oh=d8e3419cf53096d4ec6d36acb161ebee&amp;oe=590FFAD8\" alt=\"A imagem pode conter: 3 pessoas, pessoas sentadas\" width=\"500\" height=\"375\" \/><\/p>\n<p>Na \u00faltima quarta-feira (12), em Salvador, o novo prefeito de Macarani, Miller Ferraz, teve um encontro na Superintend\u00eancia dos Desportos do Estado da Bahia \u2013 Sudesd, onde encaminhou importantes reivindica\u00e7\u00f5es para o esporte do munic\u00edpio.<\/p>\n<p>Acompanhado pelo Deputado Estadual Fabr\u00edcio (PCdoB) e o vereador Andr\u00e9 Ferraz, Dr. Miller foi bem recebido\u00a0pelo Diretor Geral da Sudesb, Elias Dourado, que se mostrou receptivo aos pleitos do prefeito.<\/p>\n<p>Na oportunidade, Miller solicitou a libera\u00e7\u00e3o de um conv\u00eanio no valor de R$ 200 mil reais para ilumina\u00e7\u00e3o do Est\u00e1dio Municipal Carlito Nova, antiga reivindica\u00e7\u00e3o dos desportistas de Macarani, al\u00e9m de recursos para a realiza\u00e7\u00e3o da Copa Municipal de Futebol, ainda em 2017.<\/p>\n<p>Sempre atento aos pleitos de Macarani, o deputado Fabr\u00edcio Falc\u00e3o ficou encarregado de lutar pela libera\u00e7\u00e3o dessas verbas junto ao governo estadual. \/\/<strong><em>Ascom PMM<\/em><\/strong><\/p>\n","protected":false},"excerpt":{"rendered":"<p>Na \u00faltima quarta-feira (12), em Salvador, o novo prefeito de Macarani, Miller Ferraz, teve um encontro na Superintend\u00eancia dos Desportos do Estado da Bahia \u2013 Sudesd, onde encaminhou importantes reivindica\u00e7\u00f5es para o esporte do munic\u00edpio. Acompanhado pelo Deputado Estadual Fabr\u00edcio (PCdoB) e o vereador Andr\u00e9 Ferraz, Dr. Miller foi bem recebido\u00a0pelo Diretor Geral da Sudesb, [&hellip;]<\/p>\n","protected":false},"author":2,"featured_media":0,"comment_status":"open","ping_status":"open","sticky":false,"template":"","format":"standard","meta":{"footnotes":"","_links_to":"","_links_to_target":""},"categories":[1],"tags":[],"class_list":["post-63545","post","type-post","status-publish","format-standard","hentry","category-geral"],"views":1248,"_links":{"self":[{"href":"https:\/\/www.sudoestehoje.com.br\/novoportal\/wp-json\/wp\/v2\/posts\/63545","targetHints":{"allow":["GET"]}}],"collection":[{"href":"https:\/\/www.sudoestehoje.com.br\/novoportal\/wp-json\/wp\/v2\/posts"}],"about":[{"href":"https:\/\/www.sudoestehoje.com.br\/novoportal\/wp-json\/wp\/v2\/types\/post"}],"author":[{"embeddable":true,"href":"https:\/\/www.sudoestehoje.com.br\/novoportal\/wp-json\/wp\/v2\/users\/2"}],"replies":[{"embeddable":true,"href":"https:\/\/www.sudoestehoje.com.br\/novoportal\/wp-json\/wp\/v2\/comments?post=63545"}],"version-history":[{"count":2,"href":"https:\/\/www.sudoestehoje.com.br\/novoportal\/wp-json\/wp\/v2\/posts\/63545\/revisions"}],"predecessor-version":[{"id":63547,"href":"https:\/\/www.sudoestehoje.com.br\/novoportal\/wp-json\/wp\/v2\/posts\/63545\/revisions\/63547"}],"wp:attachment":[{"href":"https:\/\/www.sudoestehoje.com.br\/novoportal\/wp-json\/wp\/v2\/media?parent=63545"}],"wp:term":[{"taxonomy":"category","embeddable":true,"href":"https:\/\/www.sudoestehoje.com.br\/novoportal\/wp-json\/wp\/v2\/categories?post=63545"},{"taxonomy":"post_tag","embeddable":true,"href":"https:\/\/www.sudoestehoje.com.br\/novoportal\/wp-json\/wp\/v2\/tags?post=63545"}],"curies":[{"name":"wp","href":"https:\/\/api.w.org\/{rel}","templated":true}]}}