
{"id":63523,"date":"2017-01-13T01:20:37","date_gmt":"2017-01-13T04:20:37","guid":{"rendered":"http:\/\/www.sudoestehoje.com.br\/novoportal\/?p=63523"},"modified":"2017-01-13T01:20:37","modified_gmt":"2017-01-13T04:20:37","slug":"educacao-piso-salarial-dos-professores-e-reajustado-para-r-2-29880","status":"publish","type":"post","link":"https:\/\/www.sudoestehoje.com.br\/novoportal\/2017\/01\/13\/educacao-piso-salarial-dos-professores-e-reajustado-para-r-2-29880\/","title":{"rendered":"EDUCA\u00c7\u00c3O: PISO SALARIAL DOS PROFESSORES \u00c9 REAJUSTADO PARA R$ 2.298,80"},"content":{"rendered":"<p><img loading=\"lazy\" decoding=\"async\" class=\"\" src=\"http:\/\/ocorreionews.com.br\/portal\/wp-content\/uploads\/2017\/01\/professor.jpg\" alt=\"Resultado de imagem para PISO PROFESSORES\" width=\"501\" height=\"317\" \/><\/p>\n<p>O novo piso salarial dos professores ter\u00e1 reajuste de 7,64% a partir deste m\u00eas, o que eleva o sal\u00e1rio-base dos atuais R$ 2.135,64 para R$ 2.298,80.<\/p>\n<p>O an\u00fancio foi feito nesta quinta-feira (12) pelo ministro da Educa\u00e7\u00e3o, Mendon\u00e7a Filho.\u00a0O novo valor ser\u00e1 pago a docentes que tenham forma\u00e7\u00e3o de n\u00edvel m\u00e9dio, com atua\u00e7\u00e3o em escolas p\u00fablicas e 40 horas de trabalho semanais.<\/p>\n<p>De acordo com o ministro, o aumento foi 1,35% acima da infla\u00e7\u00e3o acumulada em 2016, que fechou o ano em 6,29%.\u00a0No ano passado, o reajuste foi de 11,36%, o que representou um ganho salarial de 0,69% acima da infla\u00e7\u00e3o. A portaria com o novo piso salarial ser\u00e1 publicada na edi\u00e7\u00e3o desta sexta (13) do Di\u00e1rio Oficial da Uni\u00e3o.<\/p>\n<p><img decoding=\"async\" src=\"http:\/\/www.sudoestehoje.com.br\/novoportal\/wp-content\/uploads\/2014\/09\/supermoda.png\" alt=\"supermoda\" \/><\/p>\n","protected":false},"excerpt":{"rendered":"<p>O novo piso salarial dos professores ter\u00e1 reajuste de 7,64% a partir deste m\u00eas, o que eleva o sal\u00e1rio-base dos atuais R$ 2.135,64 para R$ 2.298,80. O an\u00fancio foi feito nesta quinta-feira (12) pelo ministro da Educa\u00e7\u00e3o, Mendon\u00e7a Filho.\u00a0O novo valor ser\u00e1 pago a docentes que tenham forma\u00e7\u00e3o de n\u00edvel m\u00e9dio, com atua\u00e7\u00e3o em escolas [&hellip;]<\/p>\n","protected":false},"author":2,"featured_media":0,"comment_status":"open","ping_status":"open","sticky":false,"template":"","format":"standard","meta":{"footnotes":"","_links_to":"","_links_to_target":""},"categories":[1],"tags":[],"class_list":["post-63523","post","type-post","status-publish","format-standard","hentry","category-geral"],"views":1195,"_links":{"self":[{"href":"https:\/\/www.sudoestehoje.com.br\/novoportal\/wp-json\/wp\/v2\/posts\/63523","targetHints":{"allow":["GET"]}}],"collection":[{"href":"https:\/\/www.sudoestehoje.com.br\/novoportal\/wp-json\/wp\/v2\/posts"}],"about":[{"href":"https:\/\/www.sudoestehoje.com.br\/novoportal\/wp-json\/wp\/v2\/types\/post"}],"author":[{"embeddable":true,"href":"https:\/\/www.sudoestehoje.com.br\/novoportal\/wp-json\/wp\/v2\/users\/2"}],"replies":[{"embeddable":true,"href":"https:\/\/www.sudoestehoje.com.br\/novoportal\/wp-json\/wp\/v2\/comments?post=63523"}],"version-history":[{"count":2,"href":"https:\/\/www.sudoestehoje.com.br\/novoportal\/wp-json\/wp\/v2\/posts\/63523\/revisions"}],"predecessor-version":[{"id":63525,"href":"https:\/\/www.sudoestehoje.com.br\/novoportal\/wp-json\/wp\/v2\/posts\/63523\/revisions\/63525"}],"wp:attachment":[{"href":"https:\/\/www.sudoestehoje.com.br\/novoportal\/wp-json\/wp\/v2\/media?parent=63523"}],"wp:term":[{"taxonomy":"category","embeddable":true,"href":"https:\/\/www.sudoestehoje.com.br\/novoportal\/wp-json\/wp\/v2\/categories?post=63523"},{"taxonomy":"post_tag","embeddable":true,"href":"https:\/\/www.sudoestehoje.com.br\/novoportal\/wp-json\/wp\/v2\/tags?post=63523"}],"curies":[{"name":"wp","href":"https:\/\/api.w.org\/{rel}","templated":true}]}}