
{"id":63513,"date":"2017-01-12T22:03:45","date_gmt":"2017-01-13T01:03:45","guid":{"rendered":"http:\/\/www.sudoestehoje.com.br\/novoportal\/?p=63513"},"modified":"2017-01-12T22:20:37","modified_gmt":"2017-01-13T01:20:37","slug":"segurancas-de-rui-costa-tentam-barrar-entrada-de-neto-na-igreja-do-bomfim","status":"publish","type":"post","link":"https:\/\/www.sudoestehoje.com.br\/novoportal\/2017\/01\/12\/segurancas-de-rui-costa-tentam-barrar-entrada-de-neto-na-igreja-do-bomfim\/","title":{"rendered":"SEGURAN\u00c7AS DE RUI COSTA TENTAM BARRAR ENTRADA DE NETO NA IGREJA DO BOMFIM"},"content":{"rendered":"<div><img loading=\"lazy\" decoding=\"async\" class=\"\" src=\"http:\/\/imagem.bocaonews.com.br\/fotos\/noticias\/164494\/mg\/002.jpg?time=1484241982\" width=\"499\" height=\"333\" \/><\/div>\n<div>\n<p>Um princ\u00edpio de tumulto marcou a chegada do prefeito ACM Neto (DEM) \u00e0 Colina Sagrada. Cercado por sua equipe e seguran\u00e7as, o prefeito seguiu rumo \u00e0 bas\u00edlica e no adro da igreja acabou sendo barrado por seguran\u00e7as do governador Rui Costa (PT). Isso porque a entrada de todos os pol\u00edticos \u00e9 pela lateral.<\/p>\n<p>Entretanto, o prefeito afirmou que s\u00f3 entraria pela porta do meio, sendo impedido pelos seguran\u00e7as. Ao<strong>\u00a0<\/strong><em>Boc\u00e3o News<\/em>, o democrata disparou: &#8220;Nenhuma autoridade pode querer mandar no Bonfim&#8221;, disse Neto, culpando a seguran\u00e7a de Rui.<\/p>\n<p>Para contornar a situa\u00e7\u00e3o, o vereador Joceval Rodrigues (PPS) chamou a irmandade para liberar a entrada do prefeito pela porta do meio. A partir da\u00ed e depois de um princ\u00edpio de tumulto, os seguran\u00e7as com a ordem da irmandade, liberaram o gestor municipal.<\/p>\n<p>O governador ainda era aguardado na bas\u00edlica, cuja entrada deveria acontecer pela lateral, conforme orienta\u00e7\u00e3o da organiza\u00e7\u00e3o da festa v\u00e1lida para todos os pol\u00edticos.<\/p>\n<p><img loading=\"lazy\" decoding=\"async\" id=\"Image5_img\" class=\"\" src=\"http:\/\/3.bp.blogspot.com\/-U2sUBU7CzS0\/WEWxYHSDtDI\/AAAAAAABpiI\/qx18CuK3_PQyjaNpKq6Hy4ALO7TQ_ioHACK4B\/s1600\/feira%2Bdo%2Blar.jpg\" alt=\"FEIRA DO LAR\" width=\"501\" height=\"212\" \/><\/p>\n<\/div>\n","protected":false},"excerpt":{"rendered":"<p>Um princ\u00edpio de tumulto marcou a chegada do prefeito ACM Neto (DEM) \u00e0 Colina Sagrada. Cercado por sua equipe e seguran\u00e7as, o prefeito seguiu rumo \u00e0 bas\u00edlica e no adro da igreja acabou sendo barrado por seguran\u00e7as do governador Rui Costa (PT). Isso porque a entrada de todos os pol\u00edticos \u00e9 pela lateral. Entretanto, o [&hellip;]<\/p>\n","protected":false},"author":2,"featured_media":0,"comment_status":"open","ping_status":"open","sticky":false,"template":"","format":"standard","meta":{"footnotes":"","_links_to":"","_links_to_target":""},"categories":[1],"tags":[],"class_list":["post-63513","post","type-post","status-publish","format-standard","hentry","category-geral"],"views":2123,"_links":{"self":[{"href":"https:\/\/www.sudoestehoje.com.br\/novoportal\/wp-json\/wp\/v2\/posts\/63513","targetHints":{"allow":["GET"]}}],"collection":[{"href":"https:\/\/www.sudoestehoje.com.br\/novoportal\/wp-json\/wp\/v2\/posts"}],"about":[{"href":"https:\/\/www.sudoestehoje.com.br\/novoportal\/wp-json\/wp\/v2\/types\/post"}],"author":[{"embeddable":true,"href":"https:\/\/www.sudoestehoje.com.br\/novoportal\/wp-json\/wp\/v2\/users\/2"}],"replies":[{"embeddable":true,"href":"https:\/\/www.sudoestehoje.com.br\/novoportal\/wp-json\/wp\/v2\/comments?post=63513"}],"version-history":[{"count":4,"href":"https:\/\/www.sudoestehoje.com.br\/novoportal\/wp-json\/wp\/v2\/posts\/63513\/revisions"}],"predecessor-version":[{"id":63516,"href":"https:\/\/www.sudoestehoje.com.br\/novoportal\/wp-json\/wp\/v2\/posts\/63513\/revisions\/63516"}],"wp:attachment":[{"href":"https:\/\/www.sudoestehoje.com.br\/novoportal\/wp-json\/wp\/v2\/media?parent=63513"}],"wp:term":[{"taxonomy":"category","embeddable":true,"href":"https:\/\/www.sudoestehoje.com.br\/novoportal\/wp-json\/wp\/v2\/categories?post=63513"},{"taxonomy":"post_tag","embeddable":true,"href":"https:\/\/www.sudoestehoje.com.br\/novoportal\/wp-json\/wp\/v2\/tags?post=63513"}],"curies":[{"name":"wp","href":"https:\/\/api.w.org\/{rel}","templated":true}]}}