
{"id":63511,"date":"2017-01-12T20:42:12","date_gmt":"2017-01-12T23:42:12","guid":{"rendered":"http:\/\/www.sudoestehoje.com.br\/novoportal\/?p=63511"},"modified":"2017-01-12T22:25:06","modified_gmt":"2017-01-13T01:25:06","slug":"regiao-ex-prefeito-de-caatiba-e-condenado-por-improbidade-administrativa","status":"publish","type":"post","link":"https:\/\/www.sudoestehoje.com.br\/novoportal\/2017\/01\/12\/regiao-ex-prefeito-de-caatiba-e-condenado-por-improbidade-administrativa\/","title":{"rendered":"REGI\u00c3O: EX-PREFEITO DE CAATIBA \u00c9 CONDENADO POR IMPROBIDADE ADMINISTRATIVA"},"content":{"rendered":"<p><img loading=\"lazy\" decoding=\"async\" class=\"\" src=\"http:\/\/static.blogdaresenhageral.com.br\/wp-content\/uploads\/2016\/07\/IMG_0712.jpeg?x43390\" width=\"501\" height=\"351\" \/><\/p>\n<p>O\u00a0ex-prefeito de Caatiba, Ernevaldo Mendes de Souza, a pedido do Minist\u00e9rio P\u00fablico Federal (MPF), foi condenado por improbidade administrativa. Segundo a senten\u00e7a, assinada pelo\u00a0juiz Fabio Stief, da Subse\u00e7\u00e3o Judici\u00e1ria de Vit\u00f3ria da Conquista, o ex-prefeito ir\u00e1\u00a0pagar multa civil de R$ 60 mil e perder\u00e1 os valores acrescidos ilicitamente ao seu patrim\u00f4nio, no importe R$ 20.398,01 (ambos devidamente atualizados). Al\u00e9m disso, ele perdeu o direito de exercer fun\u00e7\u00e3o p\u00fablica\u00a0e teve seus direitos pol\u00edticos suspensos por dez anos. Ele tamb\u00e9m n\u00e3o pode ser contratado pelo\u00a0Poder P\u00fablico pelo mesmo per\u00edodo.<\/p>\n<p>Aina de acordo com a senten\u00e7a, o r\u00e9u n\u00e3o comprovou as despesas e nem prestou contas de R$ 44.799,00, que \u00e9 parte do valor repassado pela Uni\u00e3o, atrav\u00e9s do Fundo Nacional de Assist\u00eancia Social (FNAS), ao munic\u00edpio. O MPF comprovou que a quase totalidade dos cheques da conta do conv\u00eanio foi emitida pelo r\u00e9u em proveito da pr\u00f3pria prefeitura ou sem identifica\u00e7\u00e3o de benefici\u00e1rio, por ele endossados e sacados na \u201cboca do caixa\u201d, n\u00e3o obstante a veda\u00e7\u00e3o do art. 69 da Lei 9.069\/95. O juiz sinalizou que tal pr\u00e1tica configura ato de improbidade administrativa, notadamente quando n\u00e3o se demonstra que os valores sacados deste modo teriam sido aplicados na finalidade a que se destinavam.<\/p>\n<p>A condena\u00e7\u00e3o \u00e9\u00a0consequ\u00eancia de investiga\u00e7\u00f5es da <a href=\"http:\/\/www.blogdaresenhageral.com.br\/prefeito-de-caatiba-comandava-esquema-que-fraudava-licitacoes\/\">Opera\u00e7\u00e3o Mato Cerrado<\/a>, deflagrada em julho do ano passado. Na \u00e9poca, o ex-prefeito foi\u00a0acusado de comandar o esquema ao lado de sua esposa.<\/p>\n<p><img decoding=\"async\" src=\"http:\/\/www.sudoestehoje.com.br\/novoportal\/wp-content\/uploads\/2014\/11\/Logomarca-HB-Sementes-500x134.jpg\" alt=\"Resultado de imagem para sementes HB itapetinga\" \/><\/p>\n","protected":false},"excerpt":{"rendered":"<p>O\u00a0ex-prefeito de Caatiba, Ernevaldo Mendes de Souza, a pedido do Minist\u00e9rio P\u00fablico Federal (MPF), foi condenado por improbidade administrativa. Segundo a senten\u00e7a, assinada pelo\u00a0juiz Fabio Stief, da Subse\u00e7\u00e3o Judici\u00e1ria de Vit\u00f3ria da Conquista, o ex-prefeito ir\u00e1\u00a0pagar multa civil de R$ 60 mil e perder\u00e1 os valores acrescidos ilicitamente ao seu patrim\u00f4nio, no importe R$ 20.398,01 [&hellip;]<\/p>\n","protected":false},"author":2,"featured_media":0,"comment_status":"open","ping_status":"open","sticky":false,"template":"","format":"standard","meta":{"footnotes":"","_links_to":"","_links_to_target":""},"categories":[1],"tags":[],"class_list":["post-63511","post","type-post","status-publish","format-standard","hentry","category-geral"],"views":1313,"_links":{"self":[{"href":"https:\/\/www.sudoestehoje.com.br\/novoportal\/wp-json\/wp\/v2\/posts\/63511","targetHints":{"allow":["GET"]}}],"collection":[{"href":"https:\/\/www.sudoestehoje.com.br\/novoportal\/wp-json\/wp\/v2\/posts"}],"about":[{"href":"https:\/\/www.sudoestehoje.com.br\/novoportal\/wp-json\/wp\/v2\/types\/post"}],"author":[{"embeddable":true,"href":"https:\/\/www.sudoestehoje.com.br\/novoportal\/wp-json\/wp\/v2\/users\/2"}],"replies":[{"embeddable":true,"href":"https:\/\/www.sudoestehoje.com.br\/novoportal\/wp-json\/wp\/v2\/comments?post=63511"}],"version-history":[{"count":3,"href":"https:\/\/www.sudoestehoje.com.br\/novoportal\/wp-json\/wp\/v2\/posts\/63511\/revisions"}],"predecessor-version":[{"id":63519,"href":"https:\/\/www.sudoestehoje.com.br\/novoportal\/wp-json\/wp\/v2\/posts\/63511\/revisions\/63519"}],"wp:attachment":[{"href":"https:\/\/www.sudoestehoje.com.br\/novoportal\/wp-json\/wp\/v2\/media?parent=63511"}],"wp:term":[{"taxonomy":"category","embeddable":true,"href":"https:\/\/www.sudoestehoje.com.br\/novoportal\/wp-json\/wp\/v2\/categories?post=63511"},{"taxonomy":"post_tag","embeddable":true,"href":"https:\/\/www.sudoestehoje.com.br\/novoportal\/wp-json\/wp\/v2\/tags?post=63511"}],"curies":[{"name":"wp","href":"https:\/\/api.w.org\/{rel}","templated":true}]}}