
{"id":635,"date":"2010-09-27T08:34:29","date_gmt":"2010-09-27T11:34:29","guid":{"rendered":"http:\/\/sudoestehoje.tempsite.ws\/novoportal\/?p=635"},"modified":"2010-09-27T08:34:29","modified_gmt":"2010-09-27T11:34:29","slug":"debate-na-record-dilma-ataca-marina-e-leva-o-troco","status":"publish","type":"post","link":"https:\/\/www.sudoestehoje.com.br\/novoportal\/2010\/09\/27\/debate-na-record-dilma-ataca-marina-e-leva-o-troco\/","title":{"rendered":"Debate na Record: Dilma ataca Marina e leva o troco"},"content":{"rendered":"<p style=\"text-align: center;\"><img decoding=\"async\" class=\"aligncenter\" src=\"http:\/\/www.bahianoticias.com.br\/fotos\/editor\/Image\/debaterecord.jpg\" alt=\"\" \/><\/p>\n<p>A candidata do PT \u00e0 Presid\u00eancia, Dilma Rousseff, surpreendeu, em sua participa\u00e7\u00e3o no debate da TV Record, neste domingo (26), e subiu o tom com o ataque mais duro direcionado a Marina Silva (PV) desta campanha. Segundo Dilma, houve corrup\u00e7\u00e3o no Minist\u00e9rio do Meio Ambiente, quando Marina ocupou o posto entre 2003 e 2008. &#8220;No seu minist\u00e9rio teve pessoas de cargo de chefia envolvidas na venda de madeira&#8221;, afirmou. &#8220;As mesmas provid\u00eancias tomadas por voc\u00ea, eu tomei. N\u00e3o impede que os casos se repitam. Temos que assegurar que as institui\u00e7\u00f5es melhorem&#8221;, completou a petista. Marina, tamb\u00e9m de forma in\u00e9dita, tamb\u00e9m adotou tom mais agressivo e devolveu os ataques contra Dilma. Ela criticou a corrup\u00e7\u00e3o e a pol\u00edtica de combate ao analfabetismo. Marina questionou as medidas tomadas para evitar casos de corrup\u00e7\u00e3o na Casa Civil ap\u00f3s a queda de Jos\u00e9 Dirceu, quando a petista o substituiu no comando do \u00f3rg\u00e3o. &#8220;Uma pessoa que entrou com voc\u00ea, da sua confian\u00e7a, tudo se repetiu. Tr\u00e1fico de influ\u00eancia, fisiologismo e acusa\u00e7\u00e3o at\u00e9 de gente pedindo percentuais. Tudo isso ao lado do presidente Lula. Como isso se repetiu duas vezes sem que nada tivesse sido feito?&#8221;, disse ela. Informa\u00e7\u00f5es da Folha.<\/p>\n","protected":false},"excerpt":{"rendered":"<p>A candidata do PT \u00e0 Presid\u00eancia, Dilma Rousseff, surpreendeu, em sua participa\u00e7\u00e3o no debate da TV Record, neste domingo (26), e subiu o tom com o ataque mais duro direcionado a Marina Silva (PV) desta campanha. Segundo Dilma, houve corrup\u00e7\u00e3o no Minist\u00e9rio do Meio Ambiente, quando Marina ocupou o posto entre 2003 e 2008. &#8220;No [&hellip;]<\/p>\n","protected":false},"author":2,"featured_media":0,"comment_status":"open","ping_status":"open","sticky":false,"template":"","format":"standard","meta":{"footnotes":"","_links_to":"","_links_to_target":""},"categories":[1],"tags":[],"class_list":["post-635","post","type-post","status-publish","format-standard","hentry","category-geral"],"views":1082,"_links":{"self":[{"href":"https:\/\/www.sudoestehoje.com.br\/novoportal\/wp-json\/wp\/v2\/posts\/635","targetHints":{"allow":["GET"]}}],"collection":[{"href":"https:\/\/www.sudoestehoje.com.br\/novoportal\/wp-json\/wp\/v2\/posts"}],"about":[{"href":"https:\/\/www.sudoestehoje.com.br\/novoportal\/wp-json\/wp\/v2\/types\/post"}],"author":[{"embeddable":true,"href":"https:\/\/www.sudoestehoje.com.br\/novoportal\/wp-json\/wp\/v2\/users\/2"}],"replies":[{"embeddable":true,"href":"https:\/\/www.sudoestehoje.com.br\/novoportal\/wp-json\/wp\/v2\/comments?post=635"}],"version-history":[{"count":2,"href":"https:\/\/www.sudoestehoje.com.br\/novoportal\/wp-json\/wp\/v2\/posts\/635\/revisions"}],"predecessor-version":[{"id":637,"href":"https:\/\/www.sudoestehoje.com.br\/novoportal\/wp-json\/wp\/v2\/posts\/635\/revisions\/637"}],"wp:attachment":[{"href":"https:\/\/www.sudoestehoje.com.br\/novoportal\/wp-json\/wp\/v2\/media?parent=635"}],"wp:term":[{"taxonomy":"category","embeddable":true,"href":"https:\/\/www.sudoestehoje.com.br\/novoportal\/wp-json\/wp\/v2\/categories?post=635"},{"taxonomy":"post_tag","embeddable":true,"href":"https:\/\/www.sudoestehoje.com.br\/novoportal\/wp-json\/wp\/v2\/tags?post=635"}],"curies":[{"name":"wp","href":"https:\/\/api.w.org\/{rel}","templated":true}]}}