
{"id":6349,"date":"2011-07-03T01:12:08","date_gmt":"2011-07-03T04:12:08","guid":{"rendered":"http:\/\/www.sudoestehoje.com.br\/novoportal\/?p=6349"},"modified":"2011-07-03T01:13:05","modified_gmt":"2011-07-03T04:13:05","slug":"quando-itamar-recusou-jose-serra-para-ministro","status":"publish","type":"post","link":"https:\/\/www.sudoestehoje.com.br\/novoportal\/2011\/07\/03\/quando-itamar-recusou-jose-serra-para-ministro\/","title":{"rendered":"QUANDO ITAMAR RECUSOU JOS\u00c9 SERRA PARA MINISTRO"},"content":{"rendered":"<p style=\"text-align: center;\"><img loading=\"lazy\" decoding=\"async\" class=\"aligncenter\" src=\"http:\/\/portalwebnews.com\/wp-content\/uploads\/2010\/10\/07\/jose-serra-e-itamar-franco21.jpg\" alt=\"\" width=\"450\" height=\"262\" \/><\/p>\n<p style=\"text-align: center;\"><em><strong>Jos\u00e9 Serra e Itamar Franco<\/strong><\/em><\/p>\n<p>\u00a0<\/p>\n<p>\u00c0s v\u00e9speras do impeachment do presidente Fernando Collor, acusado de corrup\u00e7\u00e3o, Itamar Franco, que era vice dele, come\u00e7ou discretamente a montar o seu futuro governo.<\/p>\n<p>Sua pretens\u00e3o era a de poder contar com representantes da maioria dos partidos.<\/p>\n<p>Mandou Fernando Henrique Cardoso, ent\u00e3o senador pelo PSDB, sondar Lula, presidente do PT. Queria um ministro do PT.<\/p>\n<p>Lula recusou a oferta. O PT ficaria de fora. Mas sugeriu, para espanto de FHC, o nome de Jos\u00e9 Serra para ministro da Fazenda.<\/p>\n<p>Itamar conversou com Serra duas vezes. Depois chamou FHC e disse:<\/p>\n<p>&#8211; N\u00e3o d\u00e1.<\/p>\n<p>&#8211; Por que?<\/p>\n<p>&#8211; Porque ele \u00e9 muito preparado, muito competente, tem boas id\u00e9ias, mas o que\u00a0vai querer mesmo \u00e9 o meu lugar.<\/p>\n<p><em><strong>Por Ricardo Noblat<\/strong><\/em><\/p>\n","protected":false},"excerpt":{"rendered":"<p>Jos\u00e9 Serra e Itamar Franco \u00a0 \u00c0s v\u00e9speras do impeachment do presidente Fernando Collor, acusado de corrup\u00e7\u00e3o, Itamar Franco, que era vice dele, come\u00e7ou discretamente a montar o seu futuro governo. Sua pretens\u00e3o era a de poder contar com representantes da maioria dos partidos. Mandou Fernando Henrique Cardoso, ent\u00e3o senador pelo PSDB, sondar Lula, presidente [&hellip;]<\/p>\n","protected":false},"author":2,"featured_media":0,"comment_status":"open","ping_status":"open","sticky":false,"template":"","format":"standard","meta":{"footnotes":"","_links_to":"","_links_to_target":""},"categories":[1],"tags":[],"class_list":["post-6349","post","type-post","status-publish","format-standard","hentry","category-geral"],"views":973,"_links":{"self":[{"href":"https:\/\/www.sudoestehoje.com.br\/novoportal\/wp-json\/wp\/v2\/posts\/6349","targetHints":{"allow":["GET"]}}],"collection":[{"href":"https:\/\/www.sudoestehoje.com.br\/novoportal\/wp-json\/wp\/v2\/posts"}],"about":[{"href":"https:\/\/www.sudoestehoje.com.br\/novoportal\/wp-json\/wp\/v2\/types\/post"}],"author":[{"embeddable":true,"href":"https:\/\/www.sudoestehoje.com.br\/novoportal\/wp-json\/wp\/v2\/users\/2"}],"replies":[{"embeddable":true,"href":"https:\/\/www.sudoestehoje.com.br\/novoportal\/wp-json\/wp\/v2\/comments?post=6349"}],"version-history":[{"count":5,"href":"https:\/\/www.sudoestehoje.com.br\/novoportal\/wp-json\/wp\/v2\/posts\/6349\/revisions"}],"predecessor-version":[{"id":6354,"href":"https:\/\/www.sudoestehoje.com.br\/novoportal\/wp-json\/wp\/v2\/posts\/6349\/revisions\/6354"}],"wp:attachment":[{"href":"https:\/\/www.sudoestehoje.com.br\/novoportal\/wp-json\/wp\/v2\/media?parent=6349"}],"wp:term":[{"taxonomy":"category","embeddable":true,"href":"https:\/\/www.sudoestehoje.com.br\/novoportal\/wp-json\/wp\/v2\/categories?post=6349"},{"taxonomy":"post_tag","embeddable":true,"href":"https:\/\/www.sudoestehoje.com.br\/novoportal\/wp-json\/wp\/v2\/tags?post=6349"}],"curies":[{"name":"wp","href":"https:\/\/api.w.org\/{rel}","templated":true}]}}