
{"id":6343,"date":"2011-07-03T00:55:23","date_gmt":"2011-07-03T03:55:23","guid":{"rendered":"http:\/\/www.sudoestehoje.com.br\/novoportal\/?p=6343"},"modified":"2011-07-03T00:58:52","modified_gmt":"2011-07-03T03:58:52","slug":"quando-itamar-escolheu-quem-ninguem-imaginava","status":"publish","type":"post","link":"https:\/\/www.sudoestehoje.com.br\/novoportal\/2011\/07\/03\/quando-itamar-escolheu-quem-ninguem-imaginava\/","title":{"rendered":"QUANDO ITAMAR ESCOLHEU QUEM NINGU\u00c9M IMAGINAVA"},"content":{"rendered":"<p style=\"text-align: center;\"><img decoding=\"async\" class=\"aligncenter\" src=\"http:\/\/www.jornalopcao.com.br\/arquivos\/images\/1875\/itamar_fhc.jpg\" alt=\"\" \/><\/p>\n<p style=\"text-align: center;\"><em><strong>Itamar Franco e Fernando Henrique Cardoso<\/strong><\/em><\/p>\n<p>\u00a0<\/p>\n<p>Uma vez que Fernando Collor foi obrigado a se afastar do cargo quando a C\u00e2mara dos Deputados aprovou a abertura do seu processo de impeachment por corrup\u00e7\u00e3o, Itamar Franco, o vice dele, assumiu interinamente a presid\u00eancia da Rep\u00fablica no dia 2 de outubro de 1992.\u00a0\u00a0<\/p>\n<p>Assumiria de vez no dia 29 de dezembro depois que o Senado decretou o impeachment de Collor.<\/p>\n<p>Mesmo na condi\u00e7\u00e3o de interino, Itamar decidiu montar seu pr\u00f3prio governo.<\/p>\n<p>A dois dias do an\u00fancio dos nomes dos novos ministros, ele ainda n\u00e3o escolhera o da Fazenda &#8211; na \u00e9poca, o\u00a0mais importante de um pa\u00eds que convivia com uma infla\u00e7\u00e3o mensal de 20%.<\/p>\n<p>Havia figur\u00f5es do eixo-Rio-S\u00e3o Paulo-Minas dispostos a aceitar um convite para o cargo. Mas o que fez Itamar?<\/p>\n<p>Reunido em sua casa com amigos na noite do dia 1\u00ba, convocou para uma conversa o deputado federal do PFL Gustavo Krause, duas vezes secret\u00e1rio da Fazenda de Pernambuco, ex-vice-governador e ex-vereador pelo Recife.<\/p>\n<p>Krause era deputado federal pela primeira vez, eleito em 1990. E estava cotado para assumir o minist\u00e9rio da Integra\u00e7\u00e3o Regional.<\/p>\n<p>Foi grande o susto que Krause tomou ao ouvir Itamar dizer que pensava no nome dele para ministro da Fazenda. Krause ponderou:<\/p>\n<p>&#8211; Se o senhor escolhesse para o minist\u00e9rio da Fazenda um ilustre desconhecido, enfrentaria problemas. Imagine escolher um desconhecido que n\u00e3o \u00e9 ilustre&#8230;<\/p>\n<p>Jos\u00e9 Aparecido, ex-governador de Bras\u00edlia e testemunha do encontro, saiu em defesa da nomea\u00e7\u00e3o de Krause. Aureliano Chavez, ex-vice-presidente da Rep\u00fablica do \u00faltimo governo do regime militar de 64, tamb\u00e9m.<\/p>\n<p>Itamar queria um ministro da Fazenda que fosse competente, mas que n\u00e3o se tornasse mais importante do que ele.<\/p>\n<p>Ent\u00e3o\u00a0virou-se para Krause e disse:<\/p>\n<p>&#8211; Eu fa\u00e7o um apelo&#8230;<\/p>\n<p>Krause o interrompeu:<\/p>\n<p>&#8211; Presidente da Rep\u00fablica n\u00e3o faz apelo.<\/p>\n<p>Ganhou o cargo. Que perderia depois de 75 dias.<\/p>\n<p>O chamado &#8220;mercado&#8221; n\u00e3o engoliu a indica\u00e7\u00e3o de Krause. Ele foi substitu\u00eddo pelo economista Paulo Hadad, que durou no cargo menos tempo, e em seguida por Elizeu Rezende, que durou menos tempo ainda.<\/p>\n<p>O ministro da Fazenda seguinte ficou no governo at\u00e9 quase o seu fim, e dali saiu para se eleger presidente da Rep\u00fablica &#8211; Fernando Henrique Cardoso.<\/p>\n<p><strong><em>Por Ricardo Noblat<\/em><\/strong><\/p>\n","protected":false},"excerpt":{"rendered":"<p>Itamar Franco e Fernando Henrique Cardoso \u00a0 Uma vez que Fernando Collor foi obrigado a se afastar do cargo quando a C\u00e2mara dos Deputados aprovou a abertura do seu processo de impeachment por corrup\u00e7\u00e3o, Itamar Franco, o vice dele, assumiu interinamente a presid\u00eancia da Rep\u00fablica no dia 2 de outubro de 1992.\u00a0\u00a0 Assumiria de vez [&hellip;]<\/p>\n","protected":false},"author":2,"featured_media":0,"comment_status":"open","ping_status":"open","sticky":false,"template":"","format":"standard","meta":{"footnotes":"","_links_to":"","_links_to_target":""},"categories":[1],"tags":[],"class_list":["post-6343","post","type-post","status-publish","format-standard","hentry","category-geral"],"views":1189,"_links":{"self":[{"href":"https:\/\/www.sudoestehoje.com.br\/novoportal\/wp-json\/wp\/v2\/posts\/6343","targetHints":{"allow":["GET"]}}],"collection":[{"href":"https:\/\/www.sudoestehoje.com.br\/novoportal\/wp-json\/wp\/v2\/posts"}],"about":[{"href":"https:\/\/www.sudoestehoje.com.br\/novoportal\/wp-json\/wp\/v2\/types\/post"}],"author":[{"embeddable":true,"href":"https:\/\/www.sudoestehoje.com.br\/novoportal\/wp-json\/wp\/v2\/users\/2"}],"replies":[{"embeddable":true,"href":"https:\/\/www.sudoestehoje.com.br\/novoportal\/wp-json\/wp\/v2\/comments?post=6343"}],"version-history":[{"count":5,"href":"https:\/\/www.sudoestehoje.com.br\/novoportal\/wp-json\/wp\/v2\/posts\/6343\/revisions"}],"predecessor-version":[{"id":6347,"href":"https:\/\/www.sudoestehoje.com.br\/novoportal\/wp-json\/wp\/v2\/posts\/6343\/revisions\/6347"}],"wp:attachment":[{"href":"https:\/\/www.sudoestehoje.com.br\/novoportal\/wp-json\/wp\/v2\/media?parent=6343"}],"wp:term":[{"taxonomy":"category","embeddable":true,"href":"https:\/\/www.sudoestehoje.com.br\/novoportal\/wp-json\/wp\/v2\/categories?post=6343"},{"taxonomy":"post_tag","embeddable":true,"href":"https:\/\/www.sudoestehoje.com.br\/novoportal\/wp-json\/wp\/v2\/tags?post=6343"}],"curies":[{"name":"wp","href":"https:\/\/api.w.org\/{rel}","templated":true}]}}