
{"id":63393,"date":"2017-01-04T20:38:02","date_gmt":"2017-01-04T23:38:02","guid":{"rendered":"http:\/\/www.sudoestehoje.com.br\/novoportal\/?p=63393"},"modified":"2017-01-04T20:57:06","modified_gmt":"2017-01-04T23:57:06","slug":"conquista-uesb-pede-reintegracao-de-posse-do-campus-ocupado-por-alunos","status":"publish","type":"post","link":"https:\/\/www.sudoestehoje.com.br\/novoportal\/2017\/01\/04\/conquista-uesb-pede-reintegracao-de-posse-do-campus-ocupado-por-alunos\/","title":{"rendered":"CONQUISTA: UESB PEDE REINTEGRA\u00c7\u00c3O DE POSSE DO CAMPUS OCUPADO POR ALUNOS"},"content":{"rendered":"<p><img loading=\"lazy\" decoding=\"async\" class=\"\" src=\"http:\/\/static.blogdaresenhageral.com.br\/wp-content\/uploads\/2016\/11\/IMG_1457.jpg?x43390\" alt=\"Resultado de imagem para OCUPA\u00c7\u00c3O UESB\" width=\"500\" height=\"300\" \/><\/p>\n<p>A Administra\u00e7\u00e3o da Uesb ingressou com uma a\u00e7\u00e3o de reintegra\u00e7\u00e3o de posse do campus de Vit\u00f3ria da Conquista. A a\u00e7\u00e3o ocorreu no dia 19 de dezembro, ap\u00f3s dois meses de ocupa\u00e7\u00e3o do pr\u00e9dio p\u00fablico pelos estudantes do movimento \u2018Ocupa Uesb\u2019.<\/p>\n<p>Por meio de nota publicada nesta quarta-feira (4), a reitoria da Uesb discorre todo o processo de negocia\u00e7\u00e3o com os estudantes, que, segundo o comunicado, foi interrompido pelos ocupantes no dia 13 de dezembro.<\/p>\n<p>\u201cEvidenciada a radical inten\u00e7\u00e3o dos mesmos em persistirem no esbulho do im\u00f3vel p\u00fablico, causando preju\u00edzos como adiamento e mudan\u00e7a de local do vestibular, aus\u00eancia de manuten\u00e7\u00e3o na rede el\u00e9trica e equipamentos laboratoriais, experimentos e pesquisa, manuten\u00e7\u00f5es em geral da infraestrutura, n\u00e3o podendo, portanto, mais ser postergada a a\u00e7\u00e3o em defesa do interesse p\u00fablico\u201d, justificou a Administra\u00e7\u00e3o da Uesb.<\/p>\n<p><img loading=\"lazy\" decoding=\"async\" class=\"\" src=\"https:\/\/scontent-gru2-1.xx.fbcdn.net\/v\/t1.0-9\/15665446_1226912300733502_3760346325132059579_n.jpg?oh=8a59568ee58d5831272d4f1aeff8f16e&amp;oe=59241D53\" alt=\"A imagem pode conter: comida e texto\" width=\"501\" height=\"189\" \/><\/p>\n","protected":false},"excerpt":{"rendered":"<p>A Administra\u00e7\u00e3o da Uesb ingressou com uma a\u00e7\u00e3o de reintegra\u00e7\u00e3o de posse do campus de Vit\u00f3ria da Conquista. A a\u00e7\u00e3o ocorreu no dia 19 de dezembro, ap\u00f3s dois meses de ocupa\u00e7\u00e3o do pr\u00e9dio p\u00fablico pelos estudantes do movimento \u2018Ocupa Uesb\u2019. Por meio de nota publicada nesta quarta-feira (4), a reitoria da Uesb discorre todo o [&hellip;]<\/p>\n","protected":false},"author":2,"featured_media":0,"comment_status":"open","ping_status":"open","sticky":false,"template":"","format":"standard","meta":{"footnotes":"","_links_to":"","_links_to_target":""},"categories":[1],"tags":[],"class_list":["post-63393","post","type-post","status-publish","format-standard","hentry","category-geral"],"views":1161,"_links":{"self":[{"href":"https:\/\/www.sudoestehoje.com.br\/novoportal\/wp-json\/wp\/v2\/posts\/63393","targetHints":{"allow":["GET"]}}],"collection":[{"href":"https:\/\/www.sudoestehoje.com.br\/novoportal\/wp-json\/wp\/v2\/posts"}],"about":[{"href":"https:\/\/www.sudoestehoje.com.br\/novoportal\/wp-json\/wp\/v2\/types\/post"}],"author":[{"embeddable":true,"href":"https:\/\/www.sudoestehoje.com.br\/novoportal\/wp-json\/wp\/v2\/users\/2"}],"replies":[{"embeddable":true,"href":"https:\/\/www.sudoestehoje.com.br\/novoportal\/wp-json\/wp\/v2\/comments?post=63393"}],"version-history":[{"count":4,"href":"https:\/\/www.sudoestehoje.com.br\/novoportal\/wp-json\/wp\/v2\/posts\/63393\/revisions"}],"predecessor-version":[{"id":63397,"href":"https:\/\/www.sudoestehoje.com.br\/novoportal\/wp-json\/wp\/v2\/posts\/63393\/revisions\/63397"}],"wp:attachment":[{"href":"https:\/\/www.sudoestehoje.com.br\/novoportal\/wp-json\/wp\/v2\/media?parent=63393"}],"wp:term":[{"taxonomy":"category","embeddable":true,"href":"https:\/\/www.sudoestehoje.com.br\/novoportal\/wp-json\/wp\/v2\/categories?post=63393"},{"taxonomy":"post_tag","embeddable":true,"href":"https:\/\/www.sudoestehoje.com.br\/novoportal\/wp-json\/wp\/v2\/tags?post=63393"}],"curies":[{"name":"wp","href":"https:\/\/api.w.org\/{rel}","templated":true}]}}