
{"id":63391,"date":"2017-01-04T20:28:50","date_gmt":"2017-01-04T23:28:50","guid":{"rendered":"http:\/\/www.sudoestehoje.com.br\/novoportal\/?p=63391"},"modified":"2017-01-04T20:59:16","modified_gmt":"2017-01-04T23:59:16","slug":"alunos-da-rede-municipal-de-ensino-devem-confirmar-matricula-ate-sexta","status":"publish","type":"post","link":"https:\/\/www.sudoestehoje.com.br\/novoportal\/2017\/01\/04\/alunos-da-rede-municipal-de-ensino-devem-confirmar-matricula-ate-sexta\/","title":{"rendered":"ALUNOS DA REDE MUNICIPAL DE ENSINO DEVEM CONFIRMAR MATR\u00cdCULA AT\u00c9 SEXTA"},"content":{"rendered":"<p><img loading=\"lazy\" decoding=\"async\" class=\"\" src=\"https:\/\/scontent-grt2-1.xx.fbcdn.net\/v\/t34.0-12\/15871345_1203472439739687_1435612624_n.jpg?oh=77b5dbbe9da7232c2c8dfebe671aae81&amp;oe=58701220\" width=\"500\" height=\"500\" \/><\/p>\n<p><strong>Aten\u00e7\u00e3o alunos j\u00e1 matriculados na rede municipal de ensino! A confirma\u00e7\u00e3o da matr\u00edcula dever\u00e1 ser realizada at\u00e9 a pr\u00f3xima sexta-feira (6), das 08h \u00e0s 12h. N\u00e3o perca! #PrefeituradeItapetinga<\/strong><\/p>\n<p><img decoding=\"async\" src=\"http:\/\/www.sudoestehoje.com.br\/novoportal\/wp-content\/uploads\/2014\/07\/Feira-do-Lar-1.png\" alt=\"Feira-do-Lar (1)\" \/><\/p>\n","protected":false},"excerpt":{"rendered":"<p>Aten\u00e7\u00e3o alunos j\u00e1 matriculados na rede municipal de ensino! A confirma\u00e7\u00e3o da matr\u00edcula dever\u00e1 ser realizada at\u00e9 a pr\u00f3xima sexta-feira (6), das 08h \u00e0s 12h. N\u00e3o perca! #PrefeituradeItapetinga<\/p>\n","protected":false},"author":2,"featured_media":0,"comment_status":"open","ping_status":"open","sticky":false,"template":"","format":"standard","meta":{"footnotes":"","_links_to":"","_links_to_target":""},"categories":[1],"tags":[],"class_list":["post-63391","post","type-post","status-publish","format-standard","hentry","category-geral"],"views":1098,"_links":{"self":[{"href":"https:\/\/www.sudoestehoje.com.br\/novoportal\/wp-json\/wp\/v2\/posts\/63391","targetHints":{"allow":["GET"]}}],"collection":[{"href":"https:\/\/www.sudoestehoje.com.br\/novoportal\/wp-json\/wp\/v2\/posts"}],"about":[{"href":"https:\/\/www.sudoestehoje.com.br\/novoportal\/wp-json\/wp\/v2\/types\/post"}],"author":[{"embeddable":true,"href":"https:\/\/www.sudoestehoje.com.br\/novoportal\/wp-json\/wp\/v2\/users\/2"}],"replies":[{"embeddable":true,"href":"https:\/\/www.sudoestehoje.com.br\/novoportal\/wp-json\/wp\/v2\/comments?post=63391"}],"version-history":[{"count":2,"href":"https:\/\/www.sudoestehoje.com.br\/novoportal\/wp-json\/wp\/v2\/posts\/63391\/revisions"}],"predecessor-version":[{"id":63398,"href":"https:\/\/www.sudoestehoje.com.br\/novoportal\/wp-json\/wp\/v2\/posts\/63391\/revisions\/63398"}],"wp:attachment":[{"href":"https:\/\/www.sudoestehoje.com.br\/novoportal\/wp-json\/wp\/v2\/media?parent=63391"}],"wp:term":[{"taxonomy":"category","embeddable":true,"href":"https:\/\/www.sudoestehoje.com.br\/novoportal\/wp-json\/wp\/v2\/categories?post=63391"},{"taxonomy":"post_tag","embeddable":true,"href":"https:\/\/www.sudoestehoje.com.br\/novoportal\/wp-json\/wp\/v2\/tags?post=63391"}],"curies":[{"name":"wp","href":"https:\/\/api.w.org\/{rel}","templated":true}]}}