
{"id":63389,"date":"2017-01-04T20:20:47","date_gmt":"2017-01-04T23:20:47","guid":{"rendered":"http:\/\/www.sudoestehoje.com.br\/novoportal\/?p=63389"},"modified":"2017-01-04T21:00:08","modified_gmt":"2017-01-05T00:00:08","slug":"algemado-vereador-toma-posse-em-minas-com-roupa-do-presidio","status":"publish","type":"post","link":"https:\/\/www.sudoestehoje.com.br\/novoportal\/2017\/01\/04\/algemado-vereador-toma-posse-em-minas-com-roupa-do-presidio\/","title":{"rendered":"ALGEMADO, VEREADOR TOMA POSSE EM MINAS COM ROUPA DO PRES\u00cdDIO"},"content":{"rendered":"<p><img loading=\"lazy\" decoding=\"async\" class=\"\" src=\"http:\/\/imagem.bocaonews.com.br\/fotos\/noticias\/163826\/mg\/001.jpg?time=1483555349\" width=\"501\" height=\"289\" \/><\/p>\n<p>Eleito com 854 votos, o vereador Ronilson Marc\u00edlio Alves (PTB), tomou posse na C\u00e2mara Municipal da cidade de Caratinga, no estado de Minas Gerais, nesta ter\u00e7a-feira (3), com um detalhe: Ele foi algemado, com escolta policial e com uniforme do sistema prisional da cidade.<\/p>\n<p>Segundo mat\u00e9ria do site G1-Vales de Minas Gerais, o vereador que chegou \u00e0 sede do Legislativo ao meio-dia e permaneceu cerca de duas horas no local, passou a ser alvo de investiga\u00e7\u00e3o policial no fim de novembro, quando a Pol\u00edcia Civil cumpriu mandado de busca e apreens\u00e3o na casa dele e apreendeu documentos, pen drive e aparelhos celulares.<\/p>\n<p>Na \u00e9poca, ele foi conduzido para prestar esclarecimentos e liberado em seguida. Por\u00e9m, no dia 19 de dezembro ele foi preso no munic\u00edpio de Cordeiro, interior do Rio de Janeiro, e levado para a Penitenci\u00e1ria de Caratinga, onde permanece at\u00e9 hoje.<\/p>\n<p><img decoding=\"async\" src=\"http:\/\/www.sudoestehoje.com.br\/novoportal\/wp-content\/uploads\/2014\/09\/supermoda.png\" alt=\"supermoda\" \/><\/p>\n","protected":false},"excerpt":{"rendered":"<p>Eleito com 854 votos, o vereador Ronilson Marc\u00edlio Alves (PTB), tomou posse na C\u00e2mara Municipal da cidade de Caratinga, no estado de Minas Gerais, nesta ter\u00e7a-feira (3), com um detalhe: Ele foi algemado, com escolta policial e com uniforme do sistema prisional da cidade. Segundo mat\u00e9ria do site G1-Vales de Minas Gerais, o vereador que [&hellip;]<\/p>\n","protected":false},"author":2,"featured_media":0,"comment_status":"open","ping_status":"open","sticky":false,"template":"","format":"standard","meta":{"footnotes":"","_links_to":"","_links_to_target":""},"categories":[1],"tags":[],"class_list":["post-63389","post","type-post","status-publish","format-standard","hentry","category-geral"],"views":1311,"_links":{"self":[{"href":"https:\/\/www.sudoestehoje.com.br\/novoportal\/wp-json\/wp\/v2\/posts\/63389","targetHints":{"allow":["GET"]}}],"collection":[{"href":"https:\/\/www.sudoestehoje.com.br\/novoportal\/wp-json\/wp\/v2\/posts"}],"about":[{"href":"https:\/\/www.sudoestehoje.com.br\/novoportal\/wp-json\/wp\/v2\/types\/post"}],"author":[{"embeddable":true,"href":"https:\/\/www.sudoestehoje.com.br\/novoportal\/wp-json\/wp\/v2\/users\/2"}],"replies":[{"embeddable":true,"href":"https:\/\/www.sudoestehoje.com.br\/novoportal\/wp-json\/wp\/v2\/comments?post=63389"}],"version-history":[{"count":2,"href":"https:\/\/www.sudoestehoje.com.br\/novoportal\/wp-json\/wp\/v2\/posts\/63389\/revisions"}],"predecessor-version":[{"id":63399,"href":"https:\/\/www.sudoestehoje.com.br\/novoportal\/wp-json\/wp\/v2\/posts\/63389\/revisions\/63399"}],"wp:attachment":[{"href":"https:\/\/www.sudoestehoje.com.br\/novoportal\/wp-json\/wp\/v2\/media?parent=63389"}],"wp:term":[{"taxonomy":"category","embeddable":true,"href":"https:\/\/www.sudoestehoje.com.br\/novoportal\/wp-json\/wp\/v2\/categories?post=63389"},{"taxonomy":"post_tag","embeddable":true,"href":"https:\/\/www.sudoestehoje.com.br\/novoportal\/wp-json\/wp\/v2\/tags?post=63389"}],"curies":[{"name":"wp","href":"https:\/\/api.w.org\/{rel}","templated":true}]}}