
{"id":63383,"date":"2017-01-03T20:32:03","date_gmt":"2017-01-03T23:32:03","guid":{"rendered":"http:\/\/www.sudoestehoje.com.br\/novoportal\/?p=63383"},"modified":"2017-01-04T21:01:00","modified_gmt":"2017-01-05T00:01:00","slug":"caatiba-prefeita-tania-ribeiro-assume-em-fevereiro-e-vice-e-empossado","status":"publish","type":"post","link":"https:\/\/www.sudoestehoje.com.br\/novoportal\/2017\/01\/03\/caatiba-prefeita-tania-ribeiro-assume-em-fevereiro-e-vice-e-empossado\/","title":{"rendered":"CAATIBA: PREFEITA T\u00c2NIA RIBEIRO ASSUME EM FEVEREIRO E VICE \u00c9 EMPOSSADO"},"content":{"rendered":"<p><img loading=\"lazy\" decoding=\"async\" class=\"\" src=\"http:\/\/www.itapetinganamidia.com\/wp-content\/uploads\/2016\/10\/Caatiba-6.jpg\" alt=\"Resultado de imagem para prefeita eleita caatiba\" width=\"500\" height=\"333\" \/><\/p>\n<p>Com seu mandato suspenso decis\u00e3o da Justi\u00e7a Federal, a prefeita eleita em Caatiba, Maria T\u00e2nia Ribeiro Sousa (PR), n\u00e3o pode tomar posse na prefeitura da cidade, nesse domingo (1\u00ba).<\/p>\n<p>Em seu lugar, o vice-prefeito Lu\u00eds Paulo Souza Paiva (PR) foi empossado e deve governar at\u00e9 18 de fevereiro quando, enfim, T\u00e2nia poder\u00e1 ser empossada, de acordo com determina\u00e7\u00e3o do juiz federal Jo\u00e3o Batista de Castro Junior.<\/p>\n<p>A prefeita, que ocupava o cargo de vice na gest\u00e3o do ex-prefeito Joaquim Mendes de Sousa J\u00fanior,\u00a0 est\u00e1 afastada desde agosto.<\/p>\n<p><strong><em>Reda\u00e7\u00e3o<\/em><\/strong><\/p>\n<p><img decoding=\"async\" src=\"http:\/\/www.sudoestehoje.com.br\/novoportal\/wp-content\/uploads\/2015\/10\/SERVLAR-BANNER-500x178.jpg\" alt=\"Resultado de imagem para servlar itapetinga\" \/><\/p>\n","protected":false},"excerpt":{"rendered":"<p>Com seu mandato suspenso decis\u00e3o da Justi\u00e7a Federal, a prefeita eleita em Caatiba, Maria T\u00e2nia Ribeiro Sousa (PR), n\u00e3o pode tomar posse na prefeitura da cidade, nesse domingo (1\u00ba). Em seu lugar, o vice-prefeito Lu\u00eds Paulo Souza Paiva (PR) foi empossado e deve governar at\u00e9 18 de fevereiro quando, enfim, T\u00e2nia poder\u00e1 ser empossada, de [&hellip;]<\/p>\n","protected":false},"author":2,"featured_media":0,"comment_status":"open","ping_status":"open","sticky":false,"template":"","format":"standard","meta":{"footnotes":"","_links_to":"","_links_to_target":""},"categories":[1],"tags":[],"class_list":["post-63383","post","type-post","status-publish","format-standard","hentry","category-geral"],"views":1261,"_links":{"self":[{"href":"https:\/\/www.sudoestehoje.com.br\/novoportal\/wp-json\/wp\/v2\/posts\/63383","targetHints":{"allow":["GET"]}}],"collection":[{"href":"https:\/\/www.sudoestehoje.com.br\/novoportal\/wp-json\/wp\/v2\/posts"}],"about":[{"href":"https:\/\/www.sudoestehoje.com.br\/novoportal\/wp-json\/wp\/v2\/types\/post"}],"author":[{"embeddable":true,"href":"https:\/\/www.sudoestehoje.com.br\/novoportal\/wp-json\/wp\/v2\/users\/2"}],"replies":[{"embeddable":true,"href":"https:\/\/www.sudoestehoje.com.br\/novoportal\/wp-json\/wp\/v2\/comments?post=63383"}],"version-history":[{"count":3,"href":"https:\/\/www.sudoestehoje.com.br\/novoportal\/wp-json\/wp\/v2\/posts\/63383\/revisions"}],"predecessor-version":[{"id":63400,"href":"https:\/\/www.sudoestehoje.com.br\/novoportal\/wp-json\/wp\/v2\/posts\/63383\/revisions\/63400"}],"wp:attachment":[{"href":"https:\/\/www.sudoestehoje.com.br\/novoportal\/wp-json\/wp\/v2\/media?parent=63383"}],"wp:term":[{"taxonomy":"category","embeddable":true,"href":"https:\/\/www.sudoestehoje.com.br\/novoportal\/wp-json\/wp\/v2\/categories?post=63383"},{"taxonomy":"post_tag","embeddable":true,"href":"https:\/\/www.sudoestehoje.com.br\/novoportal\/wp-json\/wp\/v2\/tags?post=63383"}],"curies":[{"name":"wp","href":"https:\/\/api.w.org\/{rel}","templated":true}]}}