
{"id":6338,"date":"2011-07-03T00:39:32","date_gmt":"2011-07-03T03:39:32","guid":{"rendered":"http:\/\/www.sudoestehoje.com.br\/novoportal\/?p=6338"},"modified":"2011-07-03T01:21:06","modified_gmt":"2011-07-03T04:21:06","slug":"foi-dilma-que-descobriu-o-mensalao-do-pr","status":"publish","type":"post","link":"https:\/\/www.sudoestehoje.com.br\/novoportal\/2011\/07\/03\/foi-dilma-que-descobriu-o-mensalao-do-pr\/","title":{"rendered":"FOI DILMA QUE DESCOBRIU O &#8216;MENSAL\u00c3O&#8217; DO PR"},"content":{"rendered":"<p>\u00a0<\/p>\n<p style=\"text-align: center;\"><img decoding=\"async\" class=\"aligncenter\" src=\"http:\/\/oglobo.globo.com\/blogs\/arquivos_upload\/2011\/07\/129_232-dilma-mensalao-pr.jpg\" alt=\"\" \/><\/p>\n<p>\u00a0<\/p>\n<p>Transcrevo do blog do jornalista <strong>Reinaldo Azevedo<\/strong> a prop\u00f3sito\u00a0da reportagem da VEJA, que provocou, neste s\u00e1bado, a queda da c\u00fapula do minist\u00e9rio dos Transportes:\u00a0 <em>&#8220;A edi\u00e7\u00e3o de VEJA mostra que, no \u00faltimo dia 24, a presidente Dilma Rousseff se reuniu com integrantes da c\u00fapula do Minist\u00e9rio dos Transportes no Pal\u00e1cio do Planalto para reclamar das irregularidades na pasta.<\/em><\/p>\n<p><em>Ao lado das ministras Gleisi Hoffmann (Casa Civil) e M\u00cdriam Belchior (Planejamento), ela se queixou dos aumentos sucessivos dos custos das obras em rodovias e ferrovias, criticou o descontrole nos aditivos realizados em contratos firmados com empreiteiras e mandou suspender o in\u00edcio de novos projetos.\u00a0<\/em><\/p>\n<p><em>Dilma disse que o Minist\u00e9rio dos Transportes est\u00e1 sem controle, que as obras est\u00e3o com os pre\u00e7os \u201cinflados\u201d e anunciou uma interven\u00e7\u00e3o na pasta comandada pelo PR &#8211; que cobra 4% de propina das empresas prestadoras de servi\u00e7os.\u00a0A presidente tamb\u00e9m cobrou explica\u00e7\u00f5es sobre a explos\u00e3o de valores dos empreendimentos ligados ao Programa de Acelera\u00e7\u00e3o do Crescimento (PAC).\u00a0Com planilhas e documentos sobre a mesa, Dilma elevou o tom no encontro com representantes da pasta: \u201cO Minist\u00e9rio dos Transportes est\u00e1 descontrolado\u201d.\u00a0<\/em><\/p>\n<p>A presidente chamou de \u201cabusiva\u201d, por exemplo, a eleva\u00e7\u00e3o do or\u00e7amento de obras em ferrovias, que passou de 11,9 bilh\u00f5es de reais, em mar\u00e7o de 2010, para 16,4 bilh\u00f5es neste m\u00eas &#8211; salto de 38% em pouco mais de um ano. Dilma tamb\u00e9m se irritou em especial com a Valec, estatal que cuida da malha ferrovi\u00e1ria, e com o Departamento Nacional de Infraestrutura de Transportes (DNIT), respons\u00e1vel pelas rodovias.\u00a0<\/p>\n<p>O secret\u00e1rio-executivo do minist\u00e9rio, Paulo S\u00e9rgio Passos, o diretor-geral do DNIT, Luiz Antonio Pagot, e o diretor de Engenharia da Valec, Luiz Carlos Machado de Oliveira, tamb\u00e9m estavam na reuni\u00e3o em que Dilma mais falou do que ouviu.\u00a0<\/p>\n<p>\u201c<em>Voc\u00eas ficam insuflando o valor das obras. N\u00e3o h\u00e1 or\u00e7amento fiscal que resista aos aumentos propostos pelo Minist\u00e9rio dos Transportes. Eu teria de dobrar a carga tribut\u00e1ria do pa\u00eds para dar conta<\/em>\u201d, disse Dilma, quando a reuni\u00e3o caminhava para o fim. Ela deu o diagn\u00f3stico: \u201c<em>Voc\u00eas precisam de bab\u00e1. E ter\u00e3o tr\u00eas a partir de agora: a M\u00edriam, a Gleisi e eu\u201d.\u00a0<\/em><\/p>\n<p>Nas \u00faltimas semanas, VEJA conversou com parlamentares, assessores presidenciais, policiais e empres\u00e1rios, consultores e empreiteiros.\u00a0Ouviu deles a confirma\u00e7\u00e3o de que o PR cobra propina de seus fornecedores em troca de sucesso em licita\u00e7\u00f5es, d\u00e1 garantia de superfaturamento de pre\u00e7os e fecha os olhos aos aditivos, alvo da ira da presidente na reuni\u00e3o do dia 24.\u00a0<\/p>\n<p>O esquema seria encabe\u00e7ado pelo deputado <em><strong>Valdemar Costa Neto<\/strong><\/em>, que em 2005 foi obrigado a renunciar a uma cadeira na C\u00e2mara abatido pelo esc\u00e2ndalo do mensal\u00e3o. E tamb\u00e9m pelo ministro dos Transportes, Alfredo Nascimento, que ali\u00e1s faltou ao encontro com Dilma alegando \u201ccompromissos pessoais\u201d.\u00a0\u00a0<\/p>\n<p>Leia mais no Blog do Noblat:\u00a0<a href=\"http:\/\/oglobo.globo.com\/pais\/noblat\/posts\/2011\/07\/02\/propina-cupula-do-ministerio-dos-transportes-afastada-388833.asp\" target=\"_blank\">Propina &#8211; C\u00fapula do Minist\u00e9rio dos Transportes \u00e9 afastada <\/a><\/p>\n","protected":false},"excerpt":{"rendered":"<p>\u00a0 \u00a0 Transcrevo do blog do jornalista Reinaldo Azevedo a prop\u00f3sito\u00a0da reportagem da VEJA, que provocou, neste s\u00e1bado, a queda da c\u00fapula do minist\u00e9rio dos Transportes:\u00a0 &#8220;A edi\u00e7\u00e3o de VEJA mostra que, no \u00faltimo dia 24, a presidente Dilma Rousseff se reuniu com integrantes da c\u00fapula do Minist\u00e9rio dos Transportes no Pal\u00e1cio do Planalto para [&hellip;]<\/p>\n","protected":false},"author":2,"featured_media":0,"comment_status":"open","ping_status":"open","sticky":false,"template":"","format":"standard","meta":{"footnotes":"","_links_to":"","_links_to_target":""},"categories":[1],"tags":[],"class_list":["post-6338","post","type-post","status-publish","format-standard","hentry","category-geral"],"views":1187,"_links":{"self":[{"href":"https:\/\/www.sudoestehoje.com.br\/novoportal\/wp-json\/wp\/v2\/posts\/6338","targetHints":{"allow":["GET"]}}],"collection":[{"href":"https:\/\/www.sudoestehoje.com.br\/novoportal\/wp-json\/wp\/v2\/posts"}],"about":[{"href":"https:\/\/www.sudoestehoje.com.br\/novoportal\/wp-json\/wp\/v2\/types\/post"}],"author":[{"embeddable":true,"href":"https:\/\/www.sudoestehoje.com.br\/novoportal\/wp-json\/wp\/v2\/users\/2"}],"replies":[{"embeddable":true,"href":"https:\/\/www.sudoestehoje.com.br\/novoportal\/wp-json\/wp\/v2\/comments?post=6338"}],"version-history":[{"count":5,"href":"https:\/\/www.sudoestehoje.com.br\/novoportal\/wp-json\/wp\/v2\/posts\/6338\/revisions"}],"predecessor-version":[{"id":6342,"href":"https:\/\/www.sudoestehoje.com.br\/novoportal\/wp-json\/wp\/v2\/posts\/6338\/revisions\/6342"}],"wp:attachment":[{"href":"https:\/\/www.sudoestehoje.com.br\/novoportal\/wp-json\/wp\/v2\/media?parent=6338"}],"wp:term":[{"taxonomy":"category","embeddable":true,"href":"https:\/\/www.sudoestehoje.com.br\/novoportal\/wp-json\/wp\/v2\/categories?post=6338"},{"taxonomy":"post_tag","embeddable":true,"href":"https:\/\/www.sudoestehoje.com.br\/novoportal\/wp-json\/wp\/v2\/tags?post=6338"}],"curies":[{"name":"wp","href":"https:\/\/api.w.org\/{rel}","templated":true}]}}