
{"id":63370,"date":"2017-01-03T00:11:47","date_gmt":"2017-01-03T03:11:47","guid":{"rendered":"http:\/\/www.sudoestehoje.com.br\/novoportal\/?p=63370"},"modified":"2017-01-03T00:12:54","modified_gmt":"2017-01-03T03:12:54","slug":"ibicui-multidao-acompanha-posse-do-novos-prefeito-marcos-galvao","status":"publish","type":"post","link":"https:\/\/www.sudoestehoje.com.br\/novoportal\/2017\/01\/03\/ibicui-multidao-acompanha-posse-do-novos-prefeito-marcos-galvao\/","title":{"rendered":"IBICU\u00cd: MULTID\u00c3O ACOMPANHA POSSE DO NOVO PREFEITO MARCOS GALV\u00c3O"},"content":{"rendered":"<p><img loading=\"lazy\" decoding=\"async\" class=\"\" src=\"https:\/\/scontent-gru2-1.xx.fbcdn.net\/v\/t1.0-9\/15780851_1231865886904810_1064969434171192762_n.jpg?oh=df0677da05d0a77c2c591c0653b93d59&amp;oe=591D6E73\" alt=\"A imagem pode conter: 5 pessoas, pessoas sorrindo\" width=\"500\" height=\"374\" \/><\/p>\n<p>Uma das solenidades de posse mais concorridas na regi\u00e3o, foi a do novo prefeito de Ibicu\u00ed, a &#8216;Capital Baiana do Forr\u00f3&#8217;.\u00a0A posse aconteceu no in\u00edcio da noite deste primeiro dia do ano, diante de uma popula\u00e7\u00e3o ansiosa por mudan\u00e7as, ap\u00f3s 4 anos de calamidade administrativa.<\/p>\n<p>No final da cerim\u00f4nia, Marcos Galv\u00e3o e sua equipe de governo se dirigiram \u00e0 prefeitura para assumir efetivamente o cargo, acompanhado de uma verdadeira multid\u00e3o que gritava o seu nome e o conduziram at\u00e9 o Pa\u00e7o Municipal.<\/p>\n<p><img loading=\"lazy\" decoding=\"async\" class=\"\" src=\"https:\/\/scontent-gru2-1.xx.fbcdn.net\/v\/t1.0-9\/15781565_1231865920238140_1164218413366071471_n.jpg?oh=4f05ec00c52df134056f0eae7cf725a0&amp;oe=58EA097E\" alt=\"A imagem pode conter: uma ou mais pessoas, multid\u00e3o e atividades ao ar livre\" width=\"501\" height=\"282\" \/><\/p>\n<p>Nos pr\u00f3ximos dias, o novo prefeito adotar\u00e1 medidas emergenciais para revitalizar servi\u00e7os essenciais que foram interrompidos pela antiga gestora, levando o munic\u00edpio ao caos.<\/p>\n<p>N\u00e3o vai ser f\u00e1cil, mas o prefeito Marcos Galv\u00e3o \u00e9 um empres\u00e1rio de sucesso e est\u00e1 acostumado a administrar crises.<\/p>\n<p><strong><em>Por Davi Ferraz<\/em><\/strong><\/p>\n<p>&nbsp;<\/p>\n","protected":false},"excerpt":{"rendered":"<p>Uma das solenidades de posse mais concorridas na regi\u00e3o, foi a do novo prefeito de Ibicu\u00ed, a &#8216;Capital Baiana do Forr\u00f3&#8217;.\u00a0A posse aconteceu no in\u00edcio da noite deste primeiro dia do ano, diante de uma popula\u00e7\u00e3o ansiosa por mudan\u00e7as, ap\u00f3s 4 anos de calamidade administrativa. No final da cerim\u00f4nia, Marcos Galv\u00e3o e sua equipe de [&hellip;]<\/p>\n","protected":false},"author":2,"featured_media":0,"comment_status":"open","ping_status":"open","sticky":false,"template":"","format":"standard","meta":{"footnotes":"","_links_to":"","_links_to_target":""},"categories":[1],"tags":[],"class_list":["post-63370","post","type-post","status-publish","format-standard","hentry","category-geral"],"views":1773,"_links":{"self":[{"href":"https:\/\/www.sudoestehoje.com.br\/novoportal\/wp-json\/wp\/v2\/posts\/63370","targetHints":{"allow":["GET"]}}],"collection":[{"href":"https:\/\/www.sudoestehoje.com.br\/novoportal\/wp-json\/wp\/v2\/posts"}],"about":[{"href":"https:\/\/www.sudoestehoje.com.br\/novoportal\/wp-json\/wp\/v2\/types\/post"}],"author":[{"embeddable":true,"href":"https:\/\/www.sudoestehoje.com.br\/novoportal\/wp-json\/wp\/v2\/users\/2"}],"replies":[{"embeddable":true,"href":"https:\/\/www.sudoestehoje.com.br\/novoportal\/wp-json\/wp\/v2\/comments?post=63370"}],"version-history":[{"count":3,"href":"https:\/\/www.sudoestehoje.com.br\/novoportal\/wp-json\/wp\/v2\/posts\/63370\/revisions"}],"predecessor-version":[{"id":63373,"href":"https:\/\/www.sudoestehoje.com.br\/novoportal\/wp-json\/wp\/v2\/posts\/63370\/revisions\/63373"}],"wp:attachment":[{"href":"https:\/\/www.sudoestehoje.com.br\/novoportal\/wp-json\/wp\/v2\/media?parent=63370"}],"wp:term":[{"taxonomy":"category","embeddable":true,"href":"https:\/\/www.sudoestehoje.com.br\/novoportal\/wp-json\/wp\/v2\/categories?post=63370"},{"taxonomy":"post_tag","embeddable":true,"href":"https:\/\/www.sudoestehoje.com.br\/novoportal\/wp-json\/wp\/v2\/tags?post=63370"}],"curies":[{"name":"wp","href":"https:\/\/api.w.org\/{rel}","templated":true}]}}