
{"id":63352,"date":"2017-01-02T18:57:07","date_gmt":"2017-01-02T21:57:07","guid":{"rendered":"http:\/\/www.sudoestehoje.com.br\/novoportal\/?p=63352"},"modified":"2017-01-02T18:57:07","modified_gmt":"2017-01-02T21:57:07","slug":"conquista-herzem-assume-prefeitura-prometendo-eficiencia-e-transparencia","status":"publish","type":"post","link":"https:\/\/www.sudoestehoje.com.br\/novoportal\/2017\/01\/02\/conquista-herzem-assume-prefeitura-prometendo-eficiencia-e-transparencia\/","title":{"rendered":"CONQUISTA: HERZEM ASSUME PREFEITURA PROMETENDO EFICI\u00caNCIA E TRANSPAR\u00caNCIA"},"content":{"rendered":"<p><img loading=\"lazy\" decoding=\"async\" class=\"\" src=\"http:\/\/static.blogdaresenhageral.com.br\/wp-content\/uploads\/2017\/01\/DSC_0615.jpg?x43390\" width=\"500\" height=\"300\" \/><\/p>\n<p>O novo prefeito de Vit\u00f3ria da Conquista Herzem Gusm\u00e3o tomou posse neste domingo (1\u00ba de janeiro) prometendo fazer um governo de crescimento, pautado em um trip\u00e9 de \u201cefici\u00eancia, transpar\u00eancia e comunica\u00e7\u00e3o\u201d.<\/p>\n<p>\u201cEsse ano ser\u00e1 um ano de crescimento. Nosso governo est\u00e1 balizado por alguns pilares: efici\u00eancia, transpar\u00eancia e comunica\u00e7\u00e3o. \u00c9 um governo tamb\u00e9m que vai levar oportunidade para todos. Quero transformar essa cidade, minha terra, minha querida Vit\u00f3ria da Conquista\u201d, afirmou Herzem em seu pronunciamento.<\/p>\n<p>D\u00cdVIDA DE 400 MILH\u00d5ES<\/p>\n<p>Durante a cerimonia de posse do novo prefeito de Vit\u00f3ria da Conquista, Herzem Gusm\u00e3o, as aten\u00e7\u00f5es se voltaram para a sa\u00fade financeira do Munic\u00edpio. Como j\u00e1 vinha apregoando o prefeito, uma reforma administrativa seria necess\u00e1ria para sanar as d\u00edvidas da Prefeitura. E coube ao procuradoria geral do Munic\u00edpio, Murilo M\u00e1rmore, divulgar os n\u00fameros dessa d\u00edvida.<\/p>\n<p>\u201cA d\u00edvida ativa tem para cobrar apenas R$ 400 milh\u00f5es, sendo que a doutora ju\u00edza da Vara P\u00fablica j\u00e1 determinou a prescri\u00e7\u00e3o de alguns milh\u00f5es porque n\u00e3o foram acionados\u201d, informou o procuradoria geral do Munic\u00edpio, Murilo M\u00e1rmore, apontando que vai ser feita uma auditoria e essa auditoria indicar\u00e1 qual o quadro que o prefeito Herzem Gusm\u00e3o recebe.<\/p>\n<p>\u201cA cidade vai tomar conhecimento, a popula\u00e7\u00e3o de Conquista vai tomar conhecimento de que ao contr\u00e1rio que sem sido apregoado, h\u00e1 necessidade de intensas reformas na m\u00e1quina administrativa de Vit\u00f3ria da Conquista. Intensas reformas envolvendo diversos setores. Para que todos tenham ideia, quando o prefeito atual [Guilherme Menezes] diz que vai deixar a Prefeitura sem d\u00e9bitos, s\u00f3 a EMURC deve R$ 23 milh\u00f5es\u201d, concluiu M\u00e1rmore.\/\/ <em>Blog da Resenha Geral<\/em><\/p>\n","protected":false},"excerpt":{"rendered":"<p>O novo prefeito de Vit\u00f3ria da Conquista Herzem Gusm\u00e3o tomou posse neste domingo (1\u00ba de janeiro) prometendo fazer um governo de crescimento, pautado em um trip\u00e9 de \u201cefici\u00eancia, transpar\u00eancia e comunica\u00e7\u00e3o\u201d. \u201cEsse ano ser\u00e1 um ano de crescimento. Nosso governo est\u00e1 balizado por alguns pilares: efici\u00eancia, transpar\u00eancia e comunica\u00e7\u00e3o. \u00c9 um governo tamb\u00e9m que vai [&hellip;]<\/p>\n","protected":false},"author":2,"featured_media":0,"comment_status":"open","ping_status":"open","sticky":false,"template":"","format":"standard","meta":{"footnotes":"","_links_to":"","_links_to_target":""},"categories":[1],"tags":[],"class_list":["post-63352","post","type-post","status-publish","format-standard","hentry","category-geral"],"views":1388,"_links":{"self":[{"href":"https:\/\/www.sudoestehoje.com.br\/novoportal\/wp-json\/wp\/v2\/posts\/63352","targetHints":{"allow":["GET"]}}],"collection":[{"href":"https:\/\/www.sudoestehoje.com.br\/novoportal\/wp-json\/wp\/v2\/posts"}],"about":[{"href":"https:\/\/www.sudoestehoje.com.br\/novoportal\/wp-json\/wp\/v2\/types\/post"}],"author":[{"embeddable":true,"href":"https:\/\/www.sudoestehoje.com.br\/novoportal\/wp-json\/wp\/v2\/users\/2"}],"replies":[{"embeddable":true,"href":"https:\/\/www.sudoestehoje.com.br\/novoportal\/wp-json\/wp\/v2\/comments?post=63352"}],"version-history":[{"count":3,"href":"https:\/\/www.sudoestehoje.com.br\/novoportal\/wp-json\/wp\/v2\/posts\/63352\/revisions"}],"predecessor-version":[{"id":63355,"href":"https:\/\/www.sudoestehoje.com.br\/novoportal\/wp-json\/wp\/v2\/posts\/63352\/revisions\/63355"}],"wp:attachment":[{"href":"https:\/\/www.sudoestehoje.com.br\/novoportal\/wp-json\/wp\/v2\/media?parent=63352"}],"wp:term":[{"taxonomy":"category","embeddable":true,"href":"https:\/\/www.sudoestehoje.com.br\/novoportal\/wp-json\/wp\/v2\/categories?post=63352"},{"taxonomy":"post_tag","embeddable":true,"href":"https:\/\/www.sudoestehoje.com.br\/novoportal\/wp-json\/wp\/v2\/tags?post=63352"}],"curies":[{"name":"wp","href":"https:\/\/api.w.org\/{rel}","templated":true}]}}