
{"id":63317,"date":"2016-12-31T22:32:04","date_gmt":"2017-01-01T01:32:04","guid":{"rendered":"http:\/\/www.sudoestehoje.com.br\/novoportal\/?p=63317"},"modified":"2016-12-31T22:32:04","modified_gmt":"2017-01-01T01:32:04","slug":"macarani-dr-miller-ferraz-e-niltinho-tomam-posse-na-tarde-deste-domingo","status":"publish","type":"post","link":"https:\/\/www.sudoestehoje.com.br\/novoportal\/2016\/12\/31\/macarani-dr-miller-ferraz-e-niltinho-tomam-posse-na-tarde-deste-domingo\/","title":{"rendered":"MACARANI: DR. MILLER FERRAZ E NILTINHO TOMAM POSSE NA TARDE DESTE DOMINGO"},"content":{"rendered":"<div id=\"attachment_63319\" style=\"width: 510px\" class=\"wp-caption aligncenter\"><a href=\"http:\/\/www.sudoestehoje.com.br\/novoportal\/wp-content\/uploads\/2016\/12\/GEDC6864-1.jpg\"><img loading=\"lazy\" decoding=\"async\" aria-describedby=\"caption-attachment-63319\" class=\"size-medium wp-image-63319\" src=\"http:\/\/www.sudoestehoje.com.br\/novoportal\/wp-content\/uploads\/2016\/12\/GEDC6864-1-500x375.jpg\" alt=\"DR. MILLER AO LADO DO SEU VICE NILTINHO (CENTRO) E DO VEREADOR EDMILSON LIMA (ESQ.)\" width=\"500\" height=\"375\" srcset=\"https:\/\/www.sudoestehoje.com.br\/novoportal\/wp-content\/uploads\/2016\/12\/GEDC6864-1-500x375.jpg 500w, https:\/\/www.sudoestehoje.com.br\/novoportal\/wp-content\/uploads\/2016\/12\/GEDC6864-1.jpg 640w\" sizes=\"auto, (max-width: 500px) 100vw, 500px\" \/><\/a><p id=\"caption-attachment-63319\" class=\"wp-caption-text\"><strong>DR. MILLER (DIR.) AO LADO DO SEU VICE NILTINHO (CENTRO) E DO VEREADOR EDMILSON LIMA (ESQ.)<\/strong><\/p><\/div>\n<p>Em Macarani, cidade da M\u00e9dio Sudoeste baiano, os candidatos eleitos a prefeito e vice, Dr. Miller Ferraz (PMDB) e Niltinho (PP) tomam posse no final da tarde deste domingo (18h), 1\u00ba de janeiro, juntamente com os vereadores eleitos.<\/p>\n<p>Dr. Miller \u00e9 um renomado m\u00e9dico da regi\u00e3o e j\u00e1 havia sido eleito para o cargo de vice-prefeito de Macarani na elei\u00e7\u00e3o suplementar de 2015, ao lado do prefeito que deixa o cargo, Armando Porto (PSD).<\/p>\n<p>Nas elei\u00e7\u00f5es deste ano, Miller disputou o comando do executivo municipal justamente contra Armando Porto, vencendo o pleito por larga margem de votos.<\/p>\n<p>Para presidir a mesa diretora da c\u00e2mara de vereadores, nos pr\u00f3ximos dois anos, o candidato mais cotado \u00e9 o vereador Edmilson Lima, outro jovem promissor na pol\u00edtica de Macarani, que conta com o apoio de Dr. Miller e seu grupo.<\/p>\n<p><strong><em>Por Davi Ferraz<\/em><\/strong><\/p>\n","protected":false},"excerpt":{"rendered":"<p>Em Macarani, cidade da M\u00e9dio Sudoeste baiano, os candidatos eleitos a prefeito e vice, Dr. Miller Ferraz (PMDB) e Niltinho (PP) tomam posse no final da tarde deste domingo (18h), 1\u00ba de janeiro, juntamente com os vereadores eleitos. Dr. Miller \u00e9 um renomado m\u00e9dico da regi\u00e3o e j\u00e1 havia sido eleito para o cargo de [&hellip;]<\/p>\n","protected":false},"author":2,"featured_media":0,"comment_status":"open","ping_status":"open","sticky":false,"template":"","format":"standard","meta":{"footnotes":"","_links_to":"","_links_to_target":""},"categories":[1],"tags":[],"class_list":["post-63317","post","type-post","status-publish","format-standard","hentry","category-geral"],"views":1715,"_links":{"self":[{"href":"https:\/\/www.sudoestehoje.com.br\/novoportal\/wp-json\/wp\/v2\/posts\/63317","targetHints":{"allow":["GET"]}}],"collection":[{"href":"https:\/\/www.sudoestehoje.com.br\/novoportal\/wp-json\/wp\/v2\/posts"}],"about":[{"href":"https:\/\/www.sudoestehoje.com.br\/novoportal\/wp-json\/wp\/v2\/types\/post"}],"author":[{"embeddable":true,"href":"https:\/\/www.sudoestehoje.com.br\/novoportal\/wp-json\/wp\/v2\/users\/2"}],"replies":[{"embeddable":true,"href":"https:\/\/www.sudoestehoje.com.br\/novoportal\/wp-json\/wp\/v2\/comments?post=63317"}],"version-history":[{"count":2,"href":"https:\/\/www.sudoestehoje.com.br\/novoportal\/wp-json\/wp\/v2\/posts\/63317\/revisions"}],"predecessor-version":[{"id":63321,"href":"https:\/\/www.sudoestehoje.com.br\/novoportal\/wp-json\/wp\/v2\/posts\/63317\/revisions\/63321"}],"wp:attachment":[{"href":"https:\/\/www.sudoestehoje.com.br\/novoportal\/wp-json\/wp\/v2\/media?parent=63317"}],"wp:term":[{"taxonomy":"category","embeddable":true,"href":"https:\/\/www.sudoestehoje.com.br\/novoportal\/wp-json\/wp\/v2\/categories?post=63317"},{"taxonomy":"post_tag","embeddable":true,"href":"https:\/\/www.sudoestehoje.com.br\/novoportal\/wp-json\/wp\/v2\/tags?post=63317"}],"curies":[{"name":"wp","href":"https:\/\/api.w.org\/{rel}","templated":true}]}}