
{"id":63314,"date":"2016-12-31T22:03:39","date_gmt":"2017-01-01T01:03:39","guid":{"rendered":"http:\/\/www.sudoestehoje.com.br\/novoportal\/?p=63314"},"modified":"2016-12-31T22:51:21","modified_gmt":"2017-01-01T01:51:21","slug":"itororo-dr-adauto-e-paulo-rios-tomam-posse-na-virada-do-ano","status":"publish","type":"post","link":"https:\/\/www.sudoestehoje.com.br\/novoportal\/2016\/12\/31\/itororo-dr-adauto-e-paulo-rios-tomam-posse-na-virada-do-ano\/","title":{"rendered":"ITOROR\u00d3: DR. ADAUTO E PAULO RIOS TOMAM POSSE NA VIRADA DO ANO"},"content":{"rendered":"<p><img loading=\"lazy\" decoding=\"async\" class=\"\" src=\"http:\/\/www.sudoestehoje.com.br\/novoportal\/wp-content\/uploads\/2016\/10\/vitoria-adauto-600x291.jpg\" alt=\"Resultado de imagem para ITOROR\u00d3 DR. ADAUTO ELEITO\" width=\"501\" height=\"243\" \/><\/p>\n<p>Quebrando todas as tradi\u00e7\u00f5es, o prefeito e vice eleitos de Itoror\u00f3, Dr. Adauto Oliveira (PSDB) e Paulo Rios, tomar\u00e3o posse \u00e0 meia-noite deste s\u00e1bado para domingo, com muita festa e comemora\u00e7\u00f5es.<\/p>\n<p>A quebra da tradi\u00e7\u00e3o agradou a popula\u00e7\u00e3o do munic\u00edpio, que n\u00e3o v\u00ea a hora do querid\u00edssimo m\u00e9dico assumir o comando do munic\u00edpio, depois de uma vit\u00f3ria esmagadora contra os dois grupos pol\u00edticos mais tradicionais, que vinham se revezando no poder h\u00e1 d\u00e9cadas.<\/p>\n<p>Dr. Adauto \u00e9 uma novidade na pol\u00edtica de Itoror\u00f3, e por esta raz\u00e3o a popula\u00e7\u00e3o da &#8216;terra da carne do sol&#8217; vem depositando nele e sua equipe, todas as suas esperan\u00e7as.<\/p>\n<p>T\u00eam tudo para fazer uma grande administra\u00e7\u00e3o.<\/p>\n<p><strong><em>Por Davi Ferraz<\/em><\/strong><\/p>\n","protected":false},"excerpt":{"rendered":"<p>Quebrando todas as tradi\u00e7\u00f5es, o prefeito e vice eleitos de Itoror\u00f3, Dr. Adauto Oliveira (PSDB) e Paulo Rios, tomar\u00e3o posse \u00e0 meia-noite deste s\u00e1bado para domingo, com muita festa e comemora\u00e7\u00f5es. A quebra da tradi\u00e7\u00e3o agradou a popula\u00e7\u00e3o do munic\u00edpio, que n\u00e3o v\u00ea a hora do querid\u00edssimo m\u00e9dico assumir o comando do munic\u00edpio, depois de [&hellip;]<\/p>\n","protected":false},"author":2,"featured_media":0,"comment_status":"open","ping_status":"open","sticky":false,"template":"","format":"standard","meta":{"footnotes":"","_links_to":"","_links_to_target":""},"categories":[1],"tags":[],"class_list":["post-63314","post","type-post","status-publish","format-standard","hentry","category-geral"],"views":1981,"_links":{"self":[{"href":"https:\/\/www.sudoestehoje.com.br\/novoportal\/wp-json\/wp\/v2\/posts\/63314","targetHints":{"allow":["GET"]}}],"collection":[{"href":"https:\/\/www.sudoestehoje.com.br\/novoportal\/wp-json\/wp\/v2\/posts"}],"about":[{"href":"https:\/\/www.sudoestehoje.com.br\/novoportal\/wp-json\/wp\/v2\/types\/post"}],"author":[{"embeddable":true,"href":"https:\/\/www.sudoestehoje.com.br\/novoportal\/wp-json\/wp\/v2\/users\/2"}],"replies":[{"embeddable":true,"href":"https:\/\/www.sudoestehoje.com.br\/novoportal\/wp-json\/wp\/v2\/comments?post=63314"}],"version-history":[{"count":3,"href":"https:\/\/www.sudoestehoje.com.br\/novoportal\/wp-json\/wp\/v2\/posts\/63314\/revisions"}],"predecessor-version":[{"id":63322,"href":"https:\/\/www.sudoestehoje.com.br\/novoportal\/wp-json\/wp\/v2\/posts\/63314\/revisions\/63322"}],"wp:attachment":[{"href":"https:\/\/www.sudoestehoje.com.br\/novoportal\/wp-json\/wp\/v2\/media?parent=63314"}],"wp:term":[{"taxonomy":"category","embeddable":true,"href":"https:\/\/www.sudoestehoje.com.br\/novoportal\/wp-json\/wp\/v2\/categories?post=63314"},{"taxonomy":"post_tag","embeddable":true,"href":"https:\/\/www.sudoestehoje.com.br\/novoportal\/wp-json\/wp\/v2\/tags?post=63314"}],"curies":[{"name":"wp","href":"https:\/\/api.w.org\/{rel}","templated":true}]}}